{"id":30999,"date":"2015-10-03T15:52:18","date_gmt":"2015-10-03T12:52:18","guid":{"rendered":"http:\/\/sana.sy\/es\/?p=30999"},"modified":"2015-10-03T15:52:18","modified_gmt":"2015-10-03T12:52:18","slug":"acto-frente-de-la-embajada-de-rusia-en-paris-en-aprecio-al-apoyo-rusa-a-siria","status":"publish","type":"post","link":"https:\/\/archive.sana.sy\/es\/?p=30999","title":{"rendered":"Acto frente de la Embajada de Rusia en Par\u00eds en aprecio al apoyo rusa a Siria"},"content":{"rendered":"<p><span style=\"color: #800000\">Par\u00eds, SANA<\/span><\/p>\n<p>Asociaciones sirias y francesas organizaron ayer el viernes, un acto en frente de la Embajada de la Federaci\u00f3n Rusa para expresar su aprecio a las posturas de este pa\u00eds en apoyo a Siria y su ej\u00e9rcito frente al terrorismo.<\/p>\n<p>Los protagonistas de este acto exigieron a la comunidad internacional que detenga el derramamiento de la sangre siria y la destrucci\u00f3n de la civilizaci\u00f3n humana, arbolando pancartas sobre las cuales escribieron frases que denuncian el terrorismo y agradecen a Rusia y a su presidente Vladimir Putin.<\/p>\n<p>A su vez, el encargado de negocios en la Embajada de Rusia agradeci\u00f3 a los participantes por esta iniciativa, as\u00ed como dirigi\u00f3 un saludo a las fuerzas militares sirias y rusas, por sus grandes esfuerzos despe\u00f1ados en materia de la lucha antiterrorista.<\/p>\n<p>\u201cEl mundo tiene que decidir si est\u00e1 a favor o contra del terrorismo, y quien opta por ser en contra del terrorismo tiene que combatirlo\u201d, acot\u00f3 el alto diplom\u00e1tico ruso, reiterando la firme postura de su pa\u00eds en apoyo a Siria en su guerra librada contra las organizaciones terroristas.<\/p>\n<p>&nbsp;<br \/>\nLynn A.<\/p>\n","protected":false},"excerpt":{"rendered":"<p>Par\u00eds, SANA Asociaciones sirias y francesas organizaron ayer el viernes, un acto en frente de la Embajada de la Federaci\u00f3n Rusa para expresar su aprecio a las posturas de este pa\u00eds en apoyo a Siria y su ej\u00e9rcito frente al terrorismo. Los protagonistas de este acto exigieron a la comunidad internacional que detenga el derramamiento &hellip;<\/p>\n","protected":false},"author":24,"featured_media":31000,"comment_status":"closed","ping_status":"closed","sticky":false,"template":"","format":"standard","meta":{"footnotes":""},"categories":[1],"tags":[6890],"class_list":["post-30999","post","type-post","status-publish","format-standard","has-post-thumbnail","","category-news-not-sorted","tag-acto-frente-de-la-embajada-de-rusia-en-paris-en-aprecio-al-apoyo-rusa-a-siria"],"_links":{"self":[{"href":"https:\/\/archive.sana.sy\/es\/index.php?rest_route=\/wp\/v2\/posts\/30999"}],"collection":[{"href":"https:\/\/archive.sana.sy\/es\/index.php?rest_route=\/wp\/v2\/posts"}],"about":[{"href":"https:\/\/archive.sana.sy\/es\/index.php?rest_route=\/wp\/v2\/types\/post"}],"author":[{"embeddable":true,"href":"https:\/\/archive.sana.sy\/es\/index.php?rest_route=\/wp\/v2\/users\/24"}],"replies":[{"embeddable":true,"href":"https:\/\/archive.sana.sy\/es\/index.php?rest_route=%2Fwp%2Fv2%2Fcomments&post=30999"}],"version-history":[{"count":0,"href":"https:\/\/archive.sana.sy\/es\/index.php?rest_route=\/wp\/v2\/posts\/30999\/revisions"}],"wp:featuredmedia":[{"embeddable":true,"href":"https:\/\/archive.sana.sy\/es\/index.php?rest_route=\/wp\/v2\/media\/31000"}],"wp:attachment":[{"href":"https:\/\/archive.sana.sy\/es\/index.php?rest_route=%2Fwp%2Fv2%2Fmedia&parent=30999"}],"wp:term":[{"taxonomy":"category","embeddable":true,"href":"https:\/\/archive.sana.sy\/es\/index.php?rest_route=%2Fwp%2Fv2%2Fcategories&post=30999"},{"taxonomy":"post_tag","embeddable":true,"href":"https:\/\/archive.sana.sy\/es\/index.php?rest_route=%2Fwp%2Fv2%2Ftags&post=30999"}],"curies":[{"name":"wp","href":"https:\/\/api.w.org\/{rel}","templated":true}]}}