{"id":310032,"date":"2023-09-30T18:00:54","date_gmt":"2023-09-30T15:00:54","guid":{"rendered":"http:\/\/sana.sy\/es\/?p=310032"},"modified":"2023-09-30T20:36:12","modified_gmt":"2023-09-30T17:36:12","slug":"taberna-de-abu-george-el-bar-mas-antiguo-abierto-en-la-vieja-damasco","status":"publish","type":"post","link":"https:\/\/archive.sana.sy\/es\/?p=310032","title":{"rendered":"Taberna de Abu George: el bar m\u00e1s antiguo abierto en la vieja Damasco"},"content":{"rendered":"<p style=\"text-align: justify;\"><span style=\"color: #800000;\"><strong>Damasco, 30 sep (SANA)\u00a0 \u00a0<\/strong><\/span>Los damascenos de mayor edad, especialmente aquellos que tienen m\u00e1s de 70 a\u00f1os y residen en el casco antiguo de la milenaria ciudad de Damasco, recuerdan c\u00f3mo era la vida nocturna en las d\u00e9cadas de los cincuenta y sesenta del siglo pasado, conocidas como &#8220;los buenos tiempos&#8221;, cuando la ciudad viv\u00eda su \u00e9poca dorada de apertura y prosperidad.<\/p>\n<p style=\"text-align: justify;\"><a href=\"http:\/\/sana.sy\/es\/wp-content\/uploads\/2023\/09\/photo_2023-09-30_15-27-57.jpg\"><img loading=\"lazy\" decoding=\"async\" class=\" wp-image-310036 alignleft\" src=\"http:\/\/sana.sy\/es\/wp-content\/uploads\/2023\/09\/photo_2023-09-30_15-27-57-300x167.jpg\" alt=\"\" width=\"298\" height=\"166\" srcset=\"https:\/\/archive.sana.sy\/es\/wp-content\/uploads\/2023\/09\/photo_2023-09-30_15-27-57-300x167.jpg 300w, https:\/\/archive.sana.sy\/es\/wp-content\/uploads\/2023\/09\/photo_2023-09-30_15-27-57-150x83.jpg 150w, https:\/\/archive.sana.sy\/es\/wp-content\/uploads\/2023\/09\/photo_2023-09-30_15-27-57-768x427.jpg 768w, https:\/\/archive.sana.sy\/es\/wp-content\/uploads\/2023\/09\/photo_2023-09-30_15-27-57.jpg 800w\" sizes=\"(max-width: 298px) 100vw, 298px\" \/><\/a>En un peque\u00f1o rinc\u00f3n, en la Calle Recta del emblem\u00e1tico barrio de Bab Sharqi, Michel Salloum, conocido como &#8220;Abu George&#8221;, abre cada d\u00eda su bar hom\u00f3nimo, considerado el m\u00e1s antiguo que se mantiene abierto en Damasco desde hace aproximadamente nueve d\u00e9cadas. Fue construido en 1910 y su primer due\u00f1o fue el t\u00edo de &#8220;Abu George&#8221;, quien en 1950 lo vendi\u00f3 al padre de &#8220;Abu George&#8221;.<\/p>\n<p style=\"text-align: justify;\">El lugar se distingue por su estilo cl\u00e1sico, con una decoraci\u00f3n t\u00edpica de la artesan\u00eda de Damasco, como la madera, la iluminaci\u00f3n c\u00e1lida y los objetos vintage que crean un ambiente \u00fanico. Entre estos detalles simples, los visitantes pueden experimentar una especie de \u00e9xtasis, antes de que los efectos del vino que consumen hagan su efecto, especialmente cuando se entonan las adorables canciones que evocan sentimientos inolvidables.<a href=\"http:\/\/sana.sy\/es\/wp-content\/uploads\/2023\/09\/photo_2023-09-30_15-27-56.jpg\"><img loading=\"lazy\" decoding=\"async\" class=\" wp-image-310035 alignright\" src=\"http:\/\/sana.sy\/es\/wp-content\/uploads\/2023\/09\/photo_2023-09-30_15-27-56-300x201.jpg\" alt=\"\" width=\"290\" height=\"194\" srcset=\"https:\/\/archive.sana.sy\/es\/wp-content\/uploads\/2023\/09\/photo_2023-09-30_15-27-56-300x201.jpg 300w, https:\/\/archive.sana.sy\/es\/wp-content\/uploads\/2023\/09\/photo_2023-09-30_15-27-56-1024x685.jpg 1024w, https:\/\/archive.sana.sy\/es\/wp-content\/uploads\/2023\/09\/photo_2023-09-30_15-27-56-150x100.jpg 150w, https:\/\/archive.sana.sy\/es\/wp-content\/uploads\/2023\/09\/photo_2023-09-30_15-27-56-768x514.jpg 768w, https:\/\/archive.sana.sy\/es\/wp-content\/uploads\/2023\/09\/photo_2023-09-30_15-27-56-110x75.jpg 110w, https:\/\/archive.sana.sy\/es\/wp-content\/uploads\/2023\/09\/photo_2023-09-30_15-27-56.jpg 1075w\" sizes=\"(max-width: 290px) 100vw, 290px\" \/><\/a><\/p>\n<p style=\"text-align: justify;\">En 2008, la calle &#8220;Bab Sharqi&#8221; en Damasco fue sometida a restauraci\u00f3n y se cerraron varios edificios hist\u00f3ricos, incluido el emblem\u00e1tico bar de &#8220;Abu George&#8221;.<\/p>\n<p style=\"text-align: justify;\">Estuvo cerrado durante un a\u00f1o completo, antes de ser restaurado y reabierto al p\u00fablico en 2009, conservando su estilo inspirado del hermoso pasado pero con un aspecto moderno.<\/p>\n<p style=\"text-align: justify;\">Con el inicio de la guerra en Siria en 2011, muchas tiendas, hoteles y negocios comenzaron a perder clientes cerrar sus puertas, incluidas algunas tabernas, sin embargo, Abu George se mantuvo abierto con el Arak local (alcohol de la uva) y la cerveza, a pesar de los proyectiles mortales, donde los clientes se pasaban hasta horas de la madrugada olvidando todos los dolores de la guerra que los rodeaban.<\/p>\n<p style=\"text-align: justify;\">Watfeh Salloum\/fm\/ed<\/p>\n<div id='gallery-1' class='gallery galleryid-310032 gallery-columns-1 gallery-size-full'><figure class='gallery-item'>\n\t\t\t<div class='gallery-icon landscape'>\n\t\t\t\t<a href='https:\/\/archive.sana.sy\/es\/wp-content\/uploads\/2023\/09\/photo_2023-09-30_15-27-53.jpg'><img loading=\"lazy\" decoding=\"async\" width=\"1080\" height=\"956\" src=\"https:\/\/archive.sana.sy\/es\/wp-content\/uploads\/2023\/09\/photo_2023-09-30_15-27-53.jpg\" class=\"attachment-full size-full\" alt=\"\" srcset=\"https:\/\/archive.sana.sy\/es\/wp-content\/uploads\/2023\/09\/photo_2023-09-30_15-27-53.jpg 1080w, https:\/\/archive.sana.sy\/es\/wp-content\/uploads\/2023\/09\/photo_2023-09-30_15-27-53-300x266.jpg 300w, https:\/\/archive.sana.sy\/es\/wp-content\/uploads\/2023\/09\/photo_2023-09-30_15-27-53-1024x906.jpg 1024w, https:\/\/archive.sana.sy\/es\/wp-content\/uploads\/2023\/09\/photo_2023-09-30_15-27-53-150x133.jpg 150w, https:\/\/archive.sana.sy\/es\/wp-content\/uploads\/2023\/09\/photo_2023-09-30_15-27-53-768x680.jpg 768w\" sizes=\"(max-width: 1080px) 100vw, 1080px\" \/><\/a>\n\t\t\t<\/div><\/figure><figure class='gallery-item'>\n\t\t\t<div class='gallery-icon landscape'>\n\t\t\t\t<a href='https:\/\/archive.sana.sy\/es\/wp-content\/uploads\/2023\/09\/photo_2023-09-30_15-27-55.jpg'><img loading=\"lazy\" decoding=\"async\" width=\"1080\" height=\"735\" src=\"https:\/\/archive.sana.sy\/es\/wp-content\/uploads\/2023\/09\/photo_2023-09-30_15-27-55.jpg\" class=\"attachment-full size-full\" alt=\"\" aria-describedby=\"gallery-1-310034\" srcset=\"https:\/\/archive.sana.sy\/es\/wp-content\/uploads\/2023\/09\/photo_2023-09-30_15-27-55.jpg 1080w, https:\/\/archive.sana.sy\/es\/wp-content\/uploads\/2023\/09\/photo_2023-09-30_15-27-55-300x204.jpg 300w, https:\/\/archive.sana.sy\/es\/wp-content\/uploads\/2023\/09\/photo_2023-09-30_15-27-55-1024x697.jpg 1024w, https:\/\/archive.sana.sy\/es\/wp-content\/uploads\/2023\/09\/photo_2023-09-30_15-27-55-150x102.jpg 150w, https:\/\/archive.sana.sy\/es\/wp-content\/uploads\/2023\/09\/photo_2023-09-30_15-27-55-768x523.jpg 768w, https:\/\/archive.sana.sy\/es\/wp-content\/uploads\/2023\/09\/photo_2023-09-30_15-27-55-110x75.jpg 110w\" sizes=\"(max-width: 1080px) 100vw, 1080px\" \/><\/a>\n\t\t\t<\/div>\n\t\t\t\t<figcaption class='wp-caption-text gallery-caption' id='gallery-1-310034'>\n\t\t\t\tTaberna de Abu George\n\t\t\t\t<\/figcaption><\/figure>\n\t\t<\/div>\n\n","protected":false},"excerpt":{"rendered":"<p>Damasco, 30 sep (SANA)\u00a0 \u00a0Los damascenos de mayor edad, especialmente aquellos que tienen m\u00e1s de 70 a\u00f1os y residen en el casco antiguo de la milenaria ciudad de Damasco, recuerdan c\u00f3mo era la vida nocturna en las d\u00e9cadas de los cincuenta y sesenta del siglo pasado, conocidas como &#8220;los buenos tiempos&#8221;, cuando la ciudad viv\u00eda &hellip;<\/p>\n","protected":false},"author":32,"featured_media":310050,"comment_status":"closed","ping_status":"closed","sticky":false,"template":"","format":"standard","meta":{"footnotes":""},"categories":[477,597,20724,583,18781],"tags":[],"class_list":["post-310032","post","type-post","status-publish","format-standard","has-post-thumbnail","","category-noticias-edulcorantes","category-cinta-de-noticias","category-minuto-a-minuto","category-slide","category-vistazos-sobre-siria"],"_links":{"self":[{"href":"https:\/\/archive.sana.sy\/es\/index.php?rest_route=\/wp\/v2\/posts\/310032"}],"collection":[{"href":"https:\/\/archive.sana.sy\/es\/index.php?rest_route=\/wp\/v2\/posts"}],"about":[{"href":"https:\/\/archive.sana.sy\/es\/index.php?rest_route=\/wp\/v2\/types\/post"}],"author":[{"embeddable":true,"href":"https:\/\/archive.sana.sy\/es\/index.php?rest_route=\/wp\/v2\/users\/32"}],"replies":[{"embeddable":true,"href":"https:\/\/archive.sana.sy\/es\/index.php?rest_route=%2Fwp%2Fv2%2Fcomments&post=310032"}],"version-history":[{"count":1,"href":"https:\/\/archive.sana.sy\/es\/index.php?rest_route=\/wp\/v2\/posts\/310032\/revisions"}],"predecessor-version":[{"id":310037,"href":"https:\/\/archive.sana.sy\/es\/index.php?rest_route=\/wp\/v2\/posts\/310032\/revisions\/310037"}],"wp:featuredmedia":[{"embeddable":true,"href":"https:\/\/archive.sana.sy\/es\/index.php?rest_route=\/wp\/v2\/media\/310050"}],"wp:attachment":[{"href":"https:\/\/archive.sana.sy\/es\/index.php?rest_route=%2Fwp%2Fv2%2Fmedia&parent=310032"}],"wp:term":[{"taxonomy":"category","embeddable":true,"href":"https:\/\/archive.sana.sy\/es\/index.php?rest_route=%2Fwp%2Fv2%2Fcategories&post=310032"},{"taxonomy":"post_tag","embeddable":true,"href":"https:\/\/archive.sana.sy\/es\/index.php?rest_route=%2Fwp%2Fv2%2Ftags&post=310032"}],"curies":[{"name":"wp","href":"https:\/\/api.w.org\/{rel}","templated":true}]}}