{"id":310038,"date":"2023-09-30T18:31:12","date_gmt":"2023-09-30T15:31:12","guid":{"rendered":"http:\/\/sana.sy\/es\/?p=310038"},"modified":"2023-09-30T18:31:12","modified_gmt":"2023-09-30T15:31:12","slug":"kiev-firmo-su-propia-sentencia-de-muerte-afirma-exoficial-de-inteligencia-militar-estadounidense","status":"publish","type":"post","link":"https:\/\/archive.sana.sy\/es\/?p=310038","title":{"rendered":"Kiev firm\u00f3 su propia sentencia de muerte, afirma exoficial de inteligencia militar estadounidense"},"content":{"rendered":"<blockquote>\n<p style=\"text-align: justify;\"><span style=\"color: #993300;\">&#8220;Se acab\u00f3 el juego, Ucrania. Firmaste tu propia sentencia de muerte. Podr\u00edas haber permanecido intacta si hubieras firmado y cumplido los acuerdos de Estambul&#8221;, destac\u00f3 el experto.<\/span><\/p>\n<\/blockquote>\n<p style=\"text-align: justify;\"><span style=\"color: #800000;\"><strong>Washington, 30 sep (SANA)\u00a0<\/strong><\/span> \u00a0El exoficial de inteligencia militar estadounidense Scott Ritter, consider\u00f3 que Ucrania seguir\u00e1 perdiendo territorios mientras contin\u00fae por el camino de la pol\u00edtica occidental.<\/p>\n<p style=\"text-align: justify;\">Una opini\u00f3n similar la expres\u00f3 el exasesor principal del Pent\u00e1gono, Douglas Macgregor, quien, citado por Sputnik, llam\u00f3 a Kiev a firmar la paz, ya que sus p\u00e9rdidas alcanzaron un nivel cr\u00edtico.<\/p>\n<p style=\"text-align: justify;\">Hablando sobre las oportunidades para Ucrania de acordar un tratado de paz con Rusia, Scott Ritter record\u00f3 la reuni\u00f3n en Estambul a finales de marzo de 2022, ocasi\u00f3n desde la que los pa\u00edses no han vuelto a retomar las negociaciones.<\/p>\n<p style=\"text-align: justify;\">&#8220;Los representantes de Ucrania llegaron a Turqu\u00eda en 2022. Hubo una reuni\u00f3n en la que acordaron los t\u00e9rminos de la resoluci\u00f3n del conflicto. Rusia les ofreci\u00f3 excelentes condiciones. Pero la OTAN y Occidente no les permitieron ir por ello. Como resultado, ya han perdido territorios&#8221;, afirm\u00f3 el exoficial en una entrevista en el canal de YouTube Midwestern Marx.<\/p>\n<p style=\"text-align: justify;\">&#8220;Se acab\u00f3 el juego, Ucrania. Firmaste tu propia sentencia de muerte. Podr\u00edas haber permanecido intacta si hubieras firmado y cumplido los acuerdos de Estambul&#8221;, destac\u00f3 el experto.<\/p>\n<p style=\"text-align: justify;\">A su vez, Douglas Macgregor tambi\u00e9n resalt\u00f3 el gran n\u00famero de p\u00e9rdidas en las tropas ucranianas.<\/p>\n<p style=\"text-align: justify;\">&#8220;La fase ucraniana de la guerra lleg\u00f3 a su fin. Est\u00e1n perdiendo soldados a un ritmo comparable al de las p\u00e9rdidas de las Fuerzas Aliadas durante la Primera Guerra Mundial en el Frente Occidental. Cada d\u00eda de lucha en el Frente Occidental en 1918, perdimos una media de 1.000 hombres al d\u00eda&#8221;, escribi\u00f3 el coronel en la red social X.<\/p>\n<p style=\"text-align: justify;\">Resumi\u00f3 su declaraci\u00f3n con un llamamiento: &#8220;\u00a1Hagan las paces, tontos!&#8221;<\/p>\n<p style=\"text-align: justify;\">fm\/rr<\/p>\n","protected":false},"excerpt":{"rendered":"<p>&#8220;Se acab\u00f3 el juego, Ucrania. Firmaste tu propia sentencia de muerte. Podr\u00edas haber permanecido intacta si hubieras firmado y cumplido los acuerdos de Estambul&#8221;, destac\u00f3 el experto. Washington, 30 sep (SANA)\u00a0 \u00a0El exoficial de inteligencia militar estadounidense Scott Ritter, consider\u00f3 que Ucrania seguir\u00e1 perdiendo territorios mientras contin\u00fae por el camino de la pol\u00edtica occidental. Una &hellip;<\/p>\n","protected":false},"author":31,"featured_media":310039,"comment_status":"closed","ping_status":"closed","sticky":false,"template":"","format":"standard","meta":{"footnotes":""},"categories":[597,456,16687,7541],"tags":[7132,20281,19811,20357],"class_list":["post-310038","post","type-post","status-publish","format-standard","has-post-thumbnail","","category-cinta-de-noticias","category-arabe-internacional-politica","category-internacionales","category-ultimas-noticias","tag-eeuu","tag-kiev","tag-otan","tag-ucrania"],"_links":{"self":[{"href":"https:\/\/archive.sana.sy\/es\/index.php?rest_route=\/wp\/v2\/posts\/310038"}],"collection":[{"href":"https:\/\/archive.sana.sy\/es\/index.php?rest_route=\/wp\/v2\/posts"}],"about":[{"href":"https:\/\/archive.sana.sy\/es\/index.php?rest_route=\/wp\/v2\/types\/post"}],"author":[{"embeddable":true,"href":"https:\/\/archive.sana.sy\/es\/index.php?rest_route=\/wp\/v2\/users\/31"}],"replies":[{"embeddable":true,"href":"https:\/\/archive.sana.sy\/es\/index.php?rest_route=%2Fwp%2Fv2%2Fcomments&post=310038"}],"version-history":[{"count":1,"href":"https:\/\/archive.sana.sy\/es\/index.php?rest_route=\/wp\/v2\/posts\/310038\/revisions"}],"predecessor-version":[{"id":310040,"href":"https:\/\/archive.sana.sy\/es\/index.php?rest_route=\/wp\/v2\/posts\/310038\/revisions\/310040"}],"wp:featuredmedia":[{"embeddable":true,"href":"https:\/\/archive.sana.sy\/es\/index.php?rest_route=\/wp\/v2\/media\/310039"}],"wp:attachment":[{"href":"https:\/\/archive.sana.sy\/es\/index.php?rest_route=%2Fwp%2Fv2%2Fmedia&parent=310038"}],"wp:term":[{"taxonomy":"category","embeddable":true,"href":"https:\/\/archive.sana.sy\/es\/index.php?rest_route=%2Fwp%2Fv2%2Fcategories&post=310038"},{"taxonomy":"post_tag","embeddable":true,"href":"https:\/\/archive.sana.sy\/es\/index.php?rest_route=%2Fwp%2Fv2%2Ftags&post=310038"}],"curies":[{"name":"wp","href":"https:\/\/api.w.org\/{rel}","templated":true}]}}