{"id":310041,"date":"2023-09-30T18:47:14","date_gmt":"2023-09-30T15:47:14","guid":{"rendered":"http:\/\/sana.sy\/es\/?p=310041"},"modified":"2023-10-01T17:42:34","modified_gmt":"2023-10-01T14:42:34","slug":"medvedev-la-operacion-militar-especial-rusa-continuara-hasta-eliminar-a-los-neonazis-en-kiev","status":"publish","type":"post","link":"https:\/\/archive.sana.sy\/es\/?p=310041","title":{"rendered":"Medvedev: La operaci\u00f3n militar especial rusa continuar\u00e1 hasta eliminar a los neonazis en Kiev"},"content":{"rendered":"<p style=\"text-align: justify;\"><span style=\"color: #800000;\"><strong>Mosc\u00fa, 30 sep (SANA)<\/strong><\/span>\u00a0 \u00a0El vicepresidente del Consejo de Seguridad de Rusia, Dmitry Medvedev, afirm\u00f3 hoy que la operaci\u00f3n militar especial rusa continuar\u00e1 hasta la completa eliminaci\u00f3n de los neonazis en Kiev y la liberaci\u00f3n de las tierras rusas originales de estos nazis.<\/p>\n<p style=\"text-align: justify;\">Medvedev dijo con motivo del primer aniversario del regreso de las cuatro regiones de Donetsk, Lugansk, Zaporozhie y Jers\u00f3n a la patria de Rusia en referendos populares: \u201cHabr\u00e1 m\u00e1s regiones nuevas en Rusia&#8221;, y subray\u00f3 que &#8220;la victoria ser\u00e1 a favor de Rusia en su guerra contra el nazismo&#8221;.<\/p>\n<p style=\"text-align: justify;\">Explic\u00f3 que los habitantes de estas regiones tomaron la crucial decisi\u00f3n de estar con su patria y a\u00f1adi\u00f3: \u201cEsta elecci\u00f3n se ha convertido en un s\u00edmbolo no s\u00f3lo del restablecimiento de la justicia hist\u00f3rica, sino tambi\u00e9n de la unidad, la voluntad y la dedicaci\u00f3n del pueblo ruso. &#8220;<\/p>\n<p style=\"text-align: justify;\">fm\/rr<\/p>\n","protected":false},"excerpt":{"rendered":"<p>Mosc\u00fa, 30 sep (SANA)\u00a0 \u00a0El vicepresidente del Consejo de Seguridad de Rusia, Dmitry Medvedev, afirm\u00f3 hoy que la operaci\u00f3n militar especial rusa continuar\u00e1 hasta la completa eliminaci\u00f3n de los neonazis en Kiev y la liberaci\u00f3n de las tierras rusas originales de estos nazis. Medvedev dijo con motivo del primer aniversario del regreso de las cuatro &hellip;<\/p>\n","protected":false},"author":31,"featured_media":310042,"comment_status":"closed","ping_status":"closed","sticky":false,"template":"","format":"standard","meta":{"footnotes":""},"categories":[597,456,16687,7541],"tags":[6695,20357],"class_list":["post-310041","post","type-post","status-publish","format-standard","has-post-thumbnail","","category-cinta-de-noticias","category-arabe-internacional-politica","category-internacionales","category-ultimas-noticias","tag-rusia","tag-ucrania"],"_links":{"self":[{"href":"https:\/\/archive.sana.sy\/es\/index.php?rest_route=\/wp\/v2\/posts\/310041"}],"collection":[{"href":"https:\/\/archive.sana.sy\/es\/index.php?rest_route=\/wp\/v2\/posts"}],"about":[{"href":"https:\/\/archive.sana.sy\/es\/index.php?rest_route=\/wp\/v2\/types\/post"}],"author":[{"embeddable":true,"href":"https:\/\/archive.sana.sy\/es\/index.php?rest_route=\/wp\/v2\/users\/31"}],"replies":[{"embeddable":true,"href":"https:\/\/archive.sana.sy\/es\/index.php?rest_route=%2Fwp%2Fv2%2Fcomments&post=310041"}],"version-history":[{"count":2,"href":"https:\/\/archive.sana.sy\/es\/index.php?rest_route=\/wp\/v2\/posts\/310041\/revisions"}],"predecessor-version":[{"id":310117,"href":"https:\/\/archive.sana.sy\/es\/index.php?rest_route=\/wp\/v2\/posts\/310041\/revisions\/310117"}],"wp:featuredmedia":[{"embeddable":true,"href":"https:\/\/archive.sana.sy\/es\/index.php?rest_route=\/wp\/v2\/media\/310042"}],"wp:attachment":[{"href":"https:\/\/archive.sana.sy\/es\/index.php?rest_route=%2Fwp%2Fv2%2Fmedia&parent=310041"}],"wp:term":[{"taxonomy":"category","embeddable":true,"href":"https:\/\/archive.sana.sy\/es\/index.php?rest_route=%2Fwp%2Fv2%2Fcategories&post=310041"},{"taxonomy":"post_tag","embeddable":true,"href":"https:\/\/archive.sana.sy\/es\/index.php?rest_route=%2Fwp%2Fv2%2Ftags&post=310041"}],"curies":[{"name":"wp","href":"https:\/\/api.w.org\/{rel}","templated":true}]}}