{"id":310070,"date":"2023-10-01T09:46:20","date_gmt":"2023-10-01T06:46:20","guid":{"rendered":"http:\/\/sana.sy\/es\/?p=310070"},"modified":"2023-10-01T09:48:24","modified_gmt":"2023-10-01T06:48:24","slug":"nuevos-ataques-ucranianos-con-drones-y-rusia-los-frustra","status":"publish","type":"post","link":"https:\/\/archive.sana.sy\/es\/?p=310070","title":{"rendered":"Nuevos ataques ucranianos con drones, y Rusia los frustra"},"content":{"rendered":"<p style=\"text-align: justify;\"><span style=\"color: #800000;\"><strong>Mosc\u00fa, 1 oct (SANA)<\/strong><\/span>\u00a0 Las fuerzas rusas de defensa antia\u00e9rea derribaron un veh\u00edculo a\u00e9reo no tripulado ucraniano sobre el la regi\u00f3n rusa de Krasnodar.<\/p>\n<p style=\"text-align: justify;\">El Ministerio de Defensa de Rusia comunic\u00f3 que que otro ataque con tres drones ocurri\u00f3 en la regi\u00f3n rusa de Smolensk, dond elos tres aparatoss fueron interceptados.<\/p>\n<p style=\"text-align: justify;\">Por su parte, el gobernador de esta regi\u00f3n, Vasili Anojin, aclar\u00f3 que el incidente no caus\u00f3 heridos.<\/p>\n<p style=\"text-align: justify;\">fm\/ws<\/p>\n","protected":false},"excerpt":{"rendered":"<p>Mosc\u00fa, 1 oct (SANA)\u00a0 Las fuerzas rusas de defensa antia\u00e9rea derribaron un veh\u00edculo a\u00e9reo no tripulado ucraniano sobre el la regi\u00f3n rusa de Krasnodar. El Ministerio de Defensa de Rusia comunic\u00f3 que que otro ataque con tres drones ocurri\u00f3 en la regi\u00f3n rusa de Smolensk, dond elos tres aparatoss fueron interceptados. Por su parte, el &hellip;<\/p>\n","protected":false},"author":35,"featured_media":310071,"comment_status":"closed","ping_status":"closed","sticky":false,"template":"","format":"standard","meta":{"footnotes":""},"categories":[597,456,16687,20724,7541],"tags":[],"class_list":["post-310070","post","type-post","status-publish","format-standard","has-post-thumbnail","","category-cinta-de-noticias","category-arabe-internacional-politica","category-internacionales","category-minuto-a-minuto","category-ultimas-noticias"],"_links":{"self":[{"href":"https:\/\/archive.sana.sy\/es\/index.php?rest_route=\/wp\/v2\/posts\/310070"}],"collection":[{"href":"https:\/\/archive.sana.sy\/es\/index.php?rest_route=\/wp\/v2\/posts"}],"about":[{"href":"https:\/\/archive.sana.sy\/es\/index.php?rest_route=\/wp\/v2\/types\/post"}],"author":[{"embeddable":true,"href":"https:\/\/archive.sana.sy\/es\/index.php?rest_route=\/wp\/v2\/users\/35"}],"replies":[{"embeddable":true,"href":"https:\/\/archive.sana.sy\/es\/index.php?rest_route=%2Fwp%2Fv2%2Fcomments&post=310070"}],"version-history":[{"count":2,"href":"https:\/\/archive.sana.sy\/es\/index.php?rest_route=\/wp\/v2\/posts\/310070\/revisions"}],"predecessor-version":[{"id":310073,"href":"https:\/\/archive.sana.sy\/es\/index.php?rest_route=\/wp\/v2\/posts\/310070\/revisions\/310073"}],"wp:featuredmedia":[{"embeddable":true,"href":"https:\/\/archive.sana.sy\/es\/index.php?rest_route=\/wp\/v2\/media\/310071"}],"wp:attachment":[{"href":"https:\/\/archive.sana.sy\/es\/index.php?rest_route=%2Fwp%2Fv2%2Fmedia&parent=310070"}],"wp:term":[{"taxonomy":"category","embeddable":true,"href":"https:\/\/archive.sana.sy\/es\/index.php?rest_route=%2Fwp%2Fv2%2Fcategories&post=310070"},{"taxonomy":"post_tag","embeddable":true,"href":"https:\/\/archive.sana.sy\/es\/index.php?rest_route=%2Fwp%2Fv2%2Ftags&post=310070"}],"curies":[{"name":"wp","href":"https:\/\/api.w.org\/{rel}","templated":true}]}}