{"id":310074,"date":"2023-10-01T10:15:34","date_gmt":"2023-10-01T07:15:34","guid":{"rendered":"http:\/\/sana.sy\/es\/?p=310074"},"modified":"2023-10-01T10:17:42","modified_gmt":"2023-10-01T07:17:42","slug":"rusia-puede-anexar-mas-regiones-a-su-territorio-afirma-medvedev","status":"publish","type":"post","link":"https:\/\/archive.sana.sy\/es\/?p=310074","title":{"rendered":"Rusia puede anexar m\u00e1s regiones a su territorio, afirma M\u00e9dvedev"},"content":{"rendered":"<p style=\"text-align: justify;\"><span style=\"color: #800000;\"><strong>Mosc\u00fa, 1 oct (SANA)\u00a0<\/strong> <\/span>El expresidente de Rusia y actual jefe adjunto del Consejo de Seguridad del pa\u00eds, Dmitri Medv\u00e9dev se\u00f1al\u00f3 que Mosc\u00fa podr\u00eda anexar m\u00e1s regiones de Ucrania antes de declarar la victoria de su pa\u00eds en su operaci\u00f3n militar especial contra r\u00e9gimen nazi de Kiev.<\/p>\n<p style=\"text-align: justify;\">&#8220;Hace un a\u00f1o, en los referendos, los residentes de los nuevos territorios decidieron estar con su patria&#8221; ,escribi\u00f3 el ex lider en sus redes sociales.<\/p>\n<p style=\"text-align: justify;\">Asimismo, Medv\u00e9dev subray\u00f3 que esta elecci\u00f3n se convirti\u00f3 en un s\u00edmbolo de la unidad del pueblo ruso, de su colosal voluntad y dedicaci\u00f3n.<\/p>\n<p style=\"text-align: justify;\">\u201cLa victoria ser\u00e1 nuestra. Y habr\u00e1 m\u00e1s regiones nuevas dentro de Rusia\u201d, afirm\u00f3 citado por RT.<\/p>\n<p style=\"text-align: justify;\"><strong>ws\/fm<\/strong><\/p>\n","protected":false},"excerpt":{"rendered":"<p>Mosc\u00fa, 1 oct (SANA)\u00a0 El expresidente de Rusia y actual jefe adjunto del Consejo de Seguridad del pa\u00eds, Dmitri Medv\u00e9dev se\u00f1al\u00f3 que Mosc\u00fa podr\u00eda anexar m\u00e1s regiones de Ucrania antes de declarar la victoria de su pa\u00eds en su operaci\u00f3n militar especial contra r\u00e9gimen nazi de Kiev. &#8220;Hace un a\u00f1o, en los referendos, los residentes &hellip;<\/p>\n","protected":false},"author":35,"featured_media":310075,"comment_status":"closed","ping_status":"closed","sticky":false,"template":"","format":"standard","meta":{"footnotes":""},"categories":[597,456,16687,20724,7541],"tags":[],"class_list":["post-310074","post","type-post","status-publish","format-standard","has-post-thumbnail","","category-cinta-de-noticias","category-arabe-internacional-politica","category-internacionales","category-minuto-a-minuto","category-ultimas-noticias"],"_links":{"self":[{"href":"https:\/\/archive.sana.sy\/es\/index.php?rest_route=\/wp\/v2\/posts\/310074"}],"collection":[{"href":"https:\/\/archive.sana.sy\/es\/index.php?rest_route=\/wp\/v2\/posts"}],"about":[{"href":"https:\/\/archive.sana.sy\/es\/index.php?rest_route=\/wp\/v2\/types\/post"}],"author":[{"embeddable":true,"href":"https:\/\/archive.sana.sy\/es\/index.php?rest_route=\/wp\/v2\/users\/35"}],"replies":[{"embeddable":true,"href":"https:\/\/archive.sana.sy\/es\/index.php?rest_route=%2Fwp%2Fv2%2Fcomments&post=310074"}],"version-history":[{"count":3,"href":"https:\/\/archive.sana.sy\/es\/index.php?rest_route=\/wp\/v2\/posts\/310074\/revisions"}],"predecessor-version":[{"id":310078,"href":"https:\/\/archive.sana.sy\/es\/index.php?rest_route=\/wp\/v2\/posts\/310074\/revisions\/310078"}],"wp:featuredmedia":[{"embeddable":true,"href":"https:\/\/archive.sana.sy\/es\/index.php?rest_route=\/wp\/v2\/media\/310075"}],"wp:attachment":[{"href":"https:\/\/archive.sana.sy\/es\/index.php?rest_route=%2Fwp%2Fv2%2Fmedia&parent=310074"}],"wp:term":[{"taxonomy":"category","embeddable":true,"href":"https:\/\/archive.sana.sy\/es\/index.php?rest_route=%2Fwp%2Fv2%2Fcategories&post=310074"},{"taxonomy":"post_tag","embeddable":true,"href":"https:\/\/archive.sana.sy\/es\/index.php?rest_route=%2Fwp%2Fv2%2Ftags&post=310074"}],"curies":[{"name":"wp","href":"https:\/\/api.w.org\/{rel}","templated":true}]}}