{"id":310083,"date":"2023-10-01T12:55:33","date_gmt":"2023-10-01T09:55:33","guid":{"rendered":"http:\/\/sana.sy\/es\/?p=310083"},"modified":"2023-10-01T12:56:23","modified_gmt":"2023-10-01T09:56:23","slug":"canciller-sirio-ofrece-condolencias-por-victimas-de-tragico-incendio-en-iraq","status":"publish","type":"post","link":"https:\/\/archive.sana.sy\/es\/?p=310083","title":{"rendered":"Canciller sirio ofrece condolencias por v\u00edctimas de tr\u00e1gico incendio en Iraq"},"content":{"rendered":"<p style=\"text-align: justify;\"><span style=\"color: #800000;\"><strong>Damasco, 1 oct (SANA)<\/strong><\/span> El ministro de Asuntos Exteriores de Siria, Faisal Al-Mekdad, acudi\u00f3 a la sede de la embajada iraqu\u00ed en Damasco para ofrecer sus condolencias por las v\u00edctimas del terrible incendio ocurrido en la gobernaci\u00f3n de N\u00ednive, al norte de Irak, y cobr\u00f3 la vida de 107 personas.<\/p>\n<p style=\"text-align: justify;\"><img loading=\"lazy\" decoding=\"async\" class=\"size-medium wp-image-310085 alignright\" src=\"http:\/\/sana.sy\/es\/wp-content\/uploads\/2023\/10\/photo_2023-10-01_12-35-57-Copy-300x158.jpg\" alt=\"\" width=\"300\" height=\"158\" srcset=\"https:\/\/archive.sana.sy\/es\/wp-content\/uploads\/2023\/10\/photo_2023-10-01_12-35-57-Copy-300x158.jpg 300w, https:\/\/archive.sana.sy\/es\/wp-content\/uploads\/2023\/10\/photo_2023-10-01_12-35-57-Copy-150x79.jpg 150w, https:\/\/archive.sana.sy\/es\/wp-content\/uploads\/2023\/10\/photo_2023-10-01_12-35-57-Copy.jpg 660w\" sizes=\"(max-width: 300px) 100vw, 300px\" \/><\/p>\n<p style=\"text-align: justify;\">El Canciller escribi\u00f3 unas palabras en el Libro de Condolencia en las que expres\u00f3 su solidaridad con el hermano pueblo iraqu\u00ed.<\/p>\n<p style=\"text-align: justify;\">El Gobierno sirio expres\u00f3 la v\u00edspera sus m\u00e1s sinceras condolencias al gobierno y pueblo iraqu\u00edes por la p\u00e9rdida de vidas humanas en el reciente incendio.<\/p>\n<p style=\"text-align: justify;\">Ofrecemos nuestro m\u00e1s sentido p\u00e9same a las familias de las v\u00edctimas y deseamos a los heridos una pronta recuperaci\u00f3n, declar\u00f3 la Canciller\u00eda siria por medio de un comunicado.<br \/>\nEl 26 del mes en curso, 107 personas murieron y decenas resultaron heridas despu\u00e9s de que un gran incendio arrasara un sal\u00f3n en el que se celebraba una boda en el distrito de al Hamdaniya, en la provincia de N\u00ednive, el norte de Irak.<\/p>\n<p style=\"text-align: justify;\"><strong>fm\/ws<\/strong><\/p>\n","protected":false},"excerpt":{"rendered":"<p>Damasco, 1 oct (SANA) El ministro de Asuntos Exteriores de Siria, Faisal Al-Mekdad, acudi\u00f3 a la sede de la embajada iraqu\u00ed en Damasco para ofrecer sus condolencias por las v\u00edctimas del terrible incendio ocurrido en la gobernaci\u00f3n de N\u00ednive, al norte de Irak, y cobr\u00f3 la vida de 107 personas. El Canciller escribi\u00f3 unas palabras &hellip;<\/p>\n","protected":false},"author":35,"featured_media":310084,"comment_status":"closed","ping_status":"closed","sticky":false,"template":"","format":"standard","meta":{"footnotes":""},"categories":[477,447,597,20724,476,583],"tags":[],"class_list":["post-310083","post","type-post","status-publish","format-standard","has-post-thumbnail","","category-noticias-edulcorantes","category-local-politica","category-cinta-de-noticias","category-minuto-a-minuto","category-locales","category-slide"],"_links":{"self":[{"href":"https:\/\/archive.sana.sy\/es\/index.php?rest_route=\/wp\/v2\/posts\/310083"}],"collection":[{"href":"https:\/\/archive.sana.sy\/es\/index.php?rest_route=\/wp\/v2\/posts"}],"about":[{"href":"https:\/\/archive.sana.sy\/es\/index.php?rest_route=\/wp\/v2\/types\/post"}],"author":[{"embeddable":true,"href":"https:\/\/archive.sana.sy\/es\/index.php?rest_route=\/wp\/v2\/users\/35"}],"replies":[{"embeddable":true,"href":"https:\/\/archive.sana.sy\/es\/index.php?rest_route=%2Fwp%2Fv2%2Fcomments&post=310083"}],"version-history":[{"count":1,"href":"https:\/\/archive.sana.sy\/es\/index.php?rest_route=\/wp\/v2\/posts\/310083\/revisions"}],"predecessor-version":[{"id":310086,"href":"https:\/\/archive.sana.sy\/es\/index.php?rest_route=\/wp\/v2\/posts\/310083\/revisions\/310086"}],"wp:featuredmedia":[{"embeddable":true,"href":"https:\/\/archive.sana.sy\/es\/index.php?rest_route=\/wp\/v2\/media\/310084"}],"wp:attachment":[{"href":"https:\/\/archive.sana.sy\/es\/index.php?rest_route=%2Fwp%2Fv2%2Fmedia&parent=310083"}],"wp:term":[{"taxonomy":"category","embeddable":true,"href":"https:\/\/archive.sana.sy\/es\/index.php?rest_route=%2Fwp%2Fv2%2Fcategories&post=310083"},{"taxonomy":"post_tag","embeddable":true,"href":"https:\/\/archive.sana.sy\/es\/index.php?rest_route=%2Fwp%2Fv2%2Ftags&post=310083"}],"curies":[{"name":"wp","href":"https:\/\/api.w.org\/{rel}","templated":true}]}}