{"id":310155,"date":"2023-10-02T09:27:30","date_gmt":"2023-10-02T06:27:30","guid":{"rendered":"http:\/\/sana.sy\/es\/?p=310155"},"modified":"2023-10-02T11:52:05","modified_gmt":"2023-10-02T08:52:05","slug":"fuerzas-rusas-repelen-ocho-ataques-en-donetsk-y-eliminan-a-300-militares-de-kiev","status":"publish","type":"post","link":"https:\/\/archive.sana.sy\/es\/?p=310155","title":{"rendered":"Fuerzas rusas repelen ocho ataques en Donetsk y eliminan a 300 militares de Kiev"},"content":{"rendered":"<p style=\"text-align: justify;\"><span style=\"color: #800000;\"><strong>Mosc\u00fa, 2 oct (SANA)<\/strong> <\/span>Las tropas rusas del grupo \u201cSur\u201d repelieron ocho ataques de las Fuerzas Ucranianas en Arti\u00f3movsk y Avd\u00e9yevka, en la regi\u00f3n de Donetsk.<\/p>\n<p style=\"text-align: justify;\">El portavoz de la agrupaci\u00f3n, Gueorgui Minesashvili, declar\u00f3 a TASS que &#8220;las p\u00e9rdidas ucranianas ascendieron a m\u00e1s de 300 militares, una unidad de artiller\u00eda autopropulsada Krab, un ca\u00f1\u00f3n D-20, dos tanques, dos veh\u00edculos de combate con sistemas de misiles antia\u00e9reos Strela-10, una estaci\u00f3n de reconocimiento radioelectr\u00f3nico y ocho drones&#8221;.<\/p>\n<p style=\"text-align: justify;\">greg\u00f3 que la aviaci\u00f3n del grupo de tropas destruy\u00f3 un hangar con material militar ucraniano en la Rep\u00fablica Popular de Donetsk.<\/p>\n<p style=\"text-align: justify;\">lo\/fm<\/p>\n","protected":false},"excerpt":{"rendered":"<p>Mosc\u00fa, 2 oct (SANA) Las tropas rusas del grupo \u201cSur\u201d repelieron ocho ataques de las Fuerzas Ucranianas en Arti\u00f3movsk y Avd\u00e9yevka, en la regi\u00f3n de Donetsk. El portavoz de la agrupaci\u00f3n, Gueorgui Minesashvili, declar\u00f3 a TASS que &#8220;las p\u00e9rdidas ucranianas ascendieron a m\u00e1s de 300 militares, una unidad de artiller\u00eda autopropulsada Krab, un ca\u00f1\u00f3n D-20, &hellip;<\/p>\n","protected":false},"author":34,"featured_media":310156,"comment_status":"closed","ping_status":"closed","sticky":false,"template":"","format":"standard","meta":{"footnotes":""},"categories":[597,456,16687,7541],"tags":[6695,20357],"class_list":["post-310155","post","type-post","status-publish","format-standard","has-post-thumbnail","","category-cinta-de-noticias","category-arabe-internacional-politica","category-internacionales","category-ultimas-noticias","tag-rusia","tag-ucrania"],"_links":{"self":[{"href":"https:\/\/archive.sana.sy\/es\/index.php?rest_route=\/wp\/v2\/posts\/310155"}],"collection":[{"href":"https:\/\/archive.sana.sy\/es\/index.php?rest_route=\/wp\/v2\/posts"}],"about":[{"href":"https:\/\/archive.sana.sy\/es\/index.php?rest_route=\/wp\/v2\/types\/post"}],"author":[{"embeddable":true,"href":"https:\/\/archive.sana.sy\/es\/index.php?rest_route=\/wp\/v2\/users\/34"}],"replies":[{"embeddable":true,"href":"https:\/\/archive.sana.sy\/es\/index.php?rest_route=%2Fwp%2Fv2%2Fcomments&post=310155"}],"version-history":[{"count":3,"href":"https:\/\/archive.sana.sy\/es\/index.php?rest_route=\/wp\/v2\/posts\/310155\/revisions"}],"predecessor-version":[{"id":310166,"href":"https:\/\/archive.sana.sy\/es\/index.php?rest_route=\/wp\/v2\/posts\/310155\/revisions\/310166"}],"wp:featuredmedia":[{"embeddable":true,"href":"https:\/\/archive.sana.sy\/es\/index.php?rest_route=\/wp\/v2\/media\/310156"}],"wp:attachment":[{"href":"https:\/\/archive.sana.sy\/es\/index.php?rest_route=%2Fwp%2Fv2%2Fmedia&parent=310155"}],"wp:term":[{"taxonomy":"category","embeddable":true,"href":"https:\/\/archive.sana.sy\/es\/index.php?rest_route=%2Fwp%2Fv2%2Fcategories&post=310155"},{"taxonomy":"post_tag","embeddable":true,"href":"https:\/\/archive.sana.sy\/es\/index.php?rest_route=%2Fwp%2Fv2%2Ftags&post=310155"}],"curies":[{"name":"wp","href":"https:\/\/api.w.org\/{rel}","templated":true}]}}