{"id":310159,"date":"2023-10-02T10:09:26","date_gmt":"2023-10-02T07:09:26","guid":{"rendered":"http:\/\/sana.sy\/es\/?p=310159"},"modified":"2023-10-02T10:26:08","modified_gmt":"2023-10-02T07:26:08","slug":"incendio-en-egipto-deja-lesionadas-a-26-personas","status":"publish","type":"post","link":"https:\/\/archive.sana.sy\/es\/?p=310159","title":{"rendered":"Incendio en Egipto deja lesionadas a 26 personas"},"content":{"rendered":"<p style=\"text-align: justify;\"><span style=\"color: #800000;\"><strong>El Cairo, 2 oct (SANA)<\/strong> <\/span>26 personas sufrieron asfixia y quemaduras a consecuencia de un incendio ocurrido hoy en la Direcci\u00f3n de Seguridad de Ismailia, al noreste de El Cairo, la capital egipcia.<\/p>\n<p style=\"text-align: justify;\">El Ministerio de Salud y Poblaci\u00f3n inform\u00f3 por medio de un comunicado, que el incendio dej\u00f3 26 heridos (24 asfixiados y dos con quemaduras).<\/p>\n<p style=\"text-align: justify;\">El Ministerio agreg\u00f3 que los hospitales de la gobernaci\u00f3n est\u00e1n movilizados para atender a los heridos como consecuencia del incendio.<\/p>\n<p style=\"text-align: justify;\">El portavoz oficial del Ministerio, Hossam Abdel Ghaffar, confirm\u00f3 la disponibilidad de todos los medicamentos de emergencia y de los grupos sangu\u00edneos en los centros m\u00e9dicos de la gobernaci\u00f3n.<\/p>\n<p style=\"text-align: justify;\">lo\/fm<\/p>\n","protected":false},"excerpt":{"rendered":"<p>El Cairo, 2 oct (SANA) 26 personas sufrieron asfixia y quemaduras a consecuencia de un incendio ocurrido hoy en la Direcci\u00f3n de Seguridad de Ismailia, al noreste de El Cairo, la capital egipcia. El Ministerio de Salud y Poblaci\u00f3n inform\u00f3 por medio de un comunicado, que el incendio dej\u00f3 26 heridos (24 asfixiados y dos &hellip;<\/p>\n","protected":false},"author":34,"featured_media":310160,"comment_status":"closed","ping_status":"closed","sticky":false,"template":"","format":"standard","meta":{"footnotes":""},"categories":[597,456,16687,20724,7541],"tags":[8253,10753],"class_list":["post-310159","post","type-post","status-publish","format-standard","has-post-thumbnail","","category-cinta-de-noticias","category-arabe-internacional-politica","category-internacionales","category-minuto-a-minuto","category-ultimas-noticias","tag-egipto","tag-incendio"],"_links":{"self":[{"href":"https:\/\/archive.sana.sy\/es\/index.php?rest_route=\/wp\/v2\/posts\/310159"}],"collection":[{"href":"https:\/\/archive.sana.sy\/es\/index.php?rest_route=\/wp\/v2\/posts"}],"about":[{"href":"https:\/\/archive.sana.sy\/es\/index.php?rest_route=\/wp\/v2\/types\/post"}],"author":[{"embeddable":true,"href":"https:\/\/archive.sana.sy\/es\/index.php?rest_route=\/wp\/v2\/users\/34"}],"replies":[{"embeddable":true,"href":"https:\/\/archive.sana.sy\/es\/index.php?rest_route=%2Fwp%2Fv2%2Fcomments&post=310159"}],"version-history":[{"count":2,"href":"https:\/\/archive.sana.sy\/es\/index.php?rest_route=\/wp\/v2\/posts\/310159\/revisions"}],"predecessor-version":[{"id":310162,"href":"https:\/\/archive.sana.sy\/es\/index.php?rest_route=\/wp\/v2\/posts\/310159\/revisions\/310162"}],"wp:featuredmedia":[{"embeddable":true,"href":"https:\/\/archive.sana.sy\/es\/index.php?rest_route=\/wp\/v2\/media\/310160"}],"wp:attachment":[{"href":"https:\/\/archive.sana.sy\/es\/index.php?rest_route=%2Fwp%2Fv2%2Fmedia&parent=310159"}],"wp:term":[{"taxonomy":"category","embeddable":true,"href":"https:\/\/archive.sana.sy\/es\/index.php?rest_route=%2Fwp%2Fv2%2Fcategories&post=310159"},{"taxonomy":"post_tag","embeddable":true,"href":"https:\/\/archive.sana.sy\/es\/index.php?rest_route=%2Fwp%2Fv2%2Ftags&post=310159"}],"curies":[{"name":"wp","href":"https:\/\/api.w.org\/{rel}","templated":true}]}}