{"id":31019,"date":"2015-10-03T19:18:15","date_gmt":"2015-10-03T16:18:15","guid":{"rendered":"http:\/\/sana.sy\/es\/?p=31019"},"modified":"2023-01-09T14:09:45","modified_gmt":"2023-01-09T12:09:45","slug":"seis-civiles-heridos-en-un-ataque-terrorista-contra-la-ciudad-de-daraa","status":"publish","type":"post","link":"https:\/\/archive.sana.sy\/es\/?p=31019","title":{"rendered":"Seis civiles heridos en un ataque terrorista contra la ciudad de Daraa"},"content":{"rendered":"<p style=\"text-align: justify\"><span style=\"color: #800000\">Daraa, SANA<\/span>\u2013 Un total de tres ciudadanos heridos y varias p\u00e9rdidas materiales fue el saldo que dej\u00f3 este s\u00e1bado un ataque terrorista contra dos barrios residenciales en la provincia de Daraa.<\/p>\n<p style=\"text-align: justify\">\u201c6 proyectil de mortero impactaron en dos barrios en el centro de la ciudad, dejando 6 civiles herido\u201d, rese\u00f1\u00f3 una fuente de polic\u00eda.<\/p>\n<p style=\"text-align: justify\">La fuente agreg\u00f3 que los terroristas que se encuentran en la localidad de Darra al-Balad lanzaron 6 proyectiles de mortero contra la ciudad causando heridas a 6 personas y da\u00f1os materiales.<\/p>\n<p>M.Miri<\/p>\n","protected":false},"excerpt":{"rendered":"<p>Daraa, SANA\u2013 Un total de tres ciudadanos heridos y varias p\u00e9rdidas materiales fue el saldo que dej\u00f3 este s\u00e1bado un ataque terrorista contra dos barrios residenciales en la provincia de Daraa. \u201c6 proyectil de mortero impactaron en dos barrios en el centro de la ciudad, dejando 6 civiles herido\u201d, rese\u00f1\u00f3 una fuente de polic\u00eda. La &hellip;<\/p>\n","protected":false},"author":1,"featured_media":3037,"comment_status":"closed","ping_status":"closed","sticky":false,"template":"","format":"standard","meta":{"footnotes":""},"categories":[477,476],"tags":[6894],"class_list":["post-31019","post","type-post","status-publish","format-standard","has-post-thumbnail","","category-noticias-edulcorantes","category-locales","tag-seis-civiles-heridos-en-un-ataque-terrorista-contra-la-ciudad-de-daraa"],"_links":{"self":[{"href":"https:\/\/archive.sana.sy\/es\/index.php?rest_route=\/wp\/v2\/posts\/31019"}],"collection":[{"href":"https:\/\/archive.sana.sy\/es\/index.php?rest_route=\/wp\/v2\/posts"}],"about":[{"href":"https:\/\/archive.sana.sy\/es\/index.php?rest_route=\/wp\/v2\/types\/post"}],"author":[{"embeddable":true,"href":"https:\/\/archive.sana.sy\/es\/index.php?rest_route=\/wp\/v2\/users\/1"}],"replies":[{"embeddable":true,"href":"https:\/\/archive.sana.sy\/es\/index.php?rest_route=%2Fwp%2Fv2%2Fcomments&post=31019"}],"version-history":[{"count":0,"href":"https:\/\/archive.sana.sy\/es\/index.php?rest_route=\/wp\/v2\/posts\/31019\/revisions"}],"wp:featuredmedia":[{"embeddable":true,"href":"https:\/\/archive.sana.sy\/es\/index.php?rest_route=\/wp\/v2\/media\/3037"}],"wp:attachment":[{"href":"https:\/\/archive.sana.sy\/es\/index.php?rest_route=%2Fwp%2Fv2%2Fmedia&parent=31019"}],"wp:term":[{"taxonomy":"category","embeddable":true,"href":"https:\/\/archive.sana.sy\/es\/index.php?rest_route=%2Fwp%2Fv2%2Fcategories&post=31019"},{"taxonomy":"post_tag","embeddable":true,"href":"https:\/\/archive.sana.sy\/es\/index.php?rest_route=%2Fwp%2Fv2%2Ftags&post=31019"}],"curies":[{"name":"wp","href":"https:\/\/api.w.org\/{rel}","templated":true}]}}