{"id":310197,"date":"2023-10-02T16:54:33","date_gmt":"2023-10-02T13:54:33","guid":{"rendered":"http:\/\/sana.sy\/es\/?p=310197"},"modified":"2023-10-02T16:54:57","modified_gmt":"2023-10-02T13:54:57","slug":"los-paises-en-desarrollo-estan-hartos-de-hegemonia-occidental-afirma-damasco","status":"publish","type":"post","link":"https:\/\/archive.sana.sy\/es\/?p=310197","title":{"rendered":"Los pa\u00edses en desarrollo est\u00e1n hartos de hegemon\u00eda occidental, afirma Damasco"},"content":{"rendered":"<p style=\"text-align: justify;\"><strong><span style=\"color: #800000;\">Damasco, 02 oct (SANA)<\/span>\u00a0<\/strong> El designado viceministro de Exteriores sirio Bassam Sabbagh dijo a Sputnik que en los pa\u00edses emergentes hay hartazgo con la supremac\u00eda de Occidente.<\/p>\n<p style=\"text-align: justify;\">&#8220;La Asamblea General de este a\u00f1o fue muy importante porque notamos en los discursos de los l\u00edderes que la mayor\u00eda de los pa\u00edses en desarrollo est\u00e1n cansados de la hegemon\u00eda occidental&#8221;, afirm\u00f3 Sabbagh en una entrevista concedida al margen del 78 per\u00edodo de sesiones.<\/p>\n<p style=\"text-align: justify;\">El vicecanciller de Siria se\u00f1al\u00f3 que &#8220;los pa\u00edses en desarrollo buscan ahora un liderazgo multipolar&#8221;. &#8220;Esta polarizaci\u00f3n por parte de los estadounidenses ya no es aceptada&#8221;, agreg\u00f3.<\/p>\n<p style=\"text-align: justify;\">A juicio de Sabbagh, el mundo ya est\u00e1 en proceso de transici\u00f3n hacia la multipolaridad.<\/p>\n<p style=\"text-align: justify;\">&#8220;Lo bueno es que ya ha comenzado, ya estamos en ese camino. Las cosas llevar\u00e1n tiempo, estoy seguro, pero no veo la posibilidad de que se d\u00e9 marcha atr\u00e1s&#8221;, dijo.<\/p>\n<p style=\"text-align: justify;\">La ampliaci\u00f3n del Consejo de Seguridad de la ONU, seg\u00fan el viceministro, fue otro tema mencionado ampliamente en los discursos de los l\u00edderes.<\/p>\n<p style=\"text-align: justify;\">&#8220;Creo que esto es muy importante porque la realidad de las relaciones internacionales actuales no se refleja correctamente en el Consejo de Seguridad. Necesitamos ver esta ampliaci\u00f3n del Consejo de Seguridad, para que refleje la realidad actual y tambi\u00e9n para que los pa\u00edses en desarrollo tengan un papel importante en ello&#8221;, indic\u00f3.<\/p>\n<p style=\"text-align: justify;\"><span style=\"color: #0000ff;\"><strong>Lucha contra sanciones<\/strong><\/span><\/p>\n<p style=\"text-align: justify;\">Adem\u00e1s, Damasco llama a abolir inmediatamente las sanciones impuestas contra Siria, declar\u00f3 Sabbagh.<\/p>\n<p style=\"text-align: justify;\">Las sanciones unilaterales &#8220;son inhumanas e inmorales. Todos tenemos la responsabilidad de llamar a levantar las sanciones de manera inmediata y sin condiciones&#8221;, dijo.<\/p>\n<p style=\"text-align: justify;\">Agreg\u00f3 que las sanciones afectan a cada sector y cada ciudadano de Siria, as\u00ed como empeoran la situaci\u00f3n humanitaria en el pa\u00eds.<\/p>\n<p style=\"text-align: justify;\">&#8220;Creo que todo lo que afirman de que las sanciones no tienen impacto en la situaci\u00f3n humanitaria es falso e infundado&#8221;, subray\u00f3 el vicecanciller.<\/p>\n<p style=\"text-align: justify;\">Siria, continu\u00f3, hab\u00eda preguntado en varias ocasiones durante sus contactos con pa\u00edses occidentales por qu\u00e9 las instalaciones p\u00fablicas en su territorio, incluidos hospitales para menores, se encuentran bajo las sanciones, ya que en este caso se trata de ataques &#8220;contra el pueblo sirio y la humanidad&#8221;.<\/p>\n<p style=\"text-align: justify;\">&#8220;Seguiremos haciendo m\u00e1s en esta direcci\u00f3n (\u2026) China, Rusia y otros pa\u00edses son actores clave en el tema, continuaremos nuestro trabajo con ellos&#8221;, prometi\u00f3 Sabbagh.<\/p>\n<p style=\"text-align: justify;\">Asimismo mencion\u00f3 que Siria tambi\u00e9n coordina sus pasos con los Estados afectados por las restricciones unilaterales, por ejemplo, Cuba que &#8220;se encuentra bajo la opresi\u00f3n del embargo estadounidense durante d\u00e9cadas&#8221;.<\/p>\n<p style=\"text-align: justify;\"><span style=\"color: #0000ff;\"><strong>\u0421ooperaci\u00f3n estrat\u00e9gica de Damasco y Pek\u00edn<\/strong><\/span><\/p>\n<p style=\"text-align: justify;\">Siria y China est\u00e1n intensificando la cooperaci\u00f3n en \u00e1reas estrat\u00e9gicas, enfatiz\u00f3 Sabbagh.<\/p>\n<p style=\"text-align: justify;\">Damasco y Pek\u00edn &#8220;est\u00e1n intensificando sus relaciones en \u00e1mbitos estrat\u00e9gicamente importantes&#8221;, dijo Sabbagh en el \u00e1mbito de la Asamblea General de la ONU y calific\u00f3 de &#8220;un evento hist\u00f3rico&#8221; su reciente visita a China.<\/p>\n<p style=\"text-align: justify;\">El vicecanciller se\u00f1al\u00f3, que, en su punto de vista, Pek\u00edn &#8220;est\u00e1 invirtiendo en el desarrollo de los pa\u00edses que sufren de la pol\u00edtica incorrecta y del control por parte de las instituciones occidentales&#8221;. En cuanto a la reconstrucci\u00f3n de Siria, Sabbagh espera que China desempe\u00f1e un papel importante al respecto.<\/p>\n<p style=\"text-align: justify;\"><em><strong>Fuente: Suptnik<\/strong><\/em><\/p>\n","protected":false},"excerpt":{"rendered":"<p>Damasco, 02 oct (SANA)\u00a0 El designado viceministro de Exteriores sirio Bassam Sabbagh dijo a Sputnik que en los pa\u00edses emergentes hay hartazgo con la supremac\u00eda de Occidente. &#8220;La Asamblea General de este a\u00f1o fue muy importante porque notamos en los discursos de los l\u00edderes que la mayor\u00eda de los pa\u00edses en desarrollo est\u00e1n cansados de &hellip;<\/p>\n","protected":false},"author":39,"featured_media":310199,"comment_status":"closed","ping_status":"closed","sticky":false,"template":"","format":"standard","meta":{"footnotes":""},"categories":[597,20724,467,583],"tags":[],"class_list":["post-310197","post","type-post","status-publish","format-standard","has-post-thumbnail","","category-cinta-de-noticias","category-minuto-a-minuto","category-siria-y-el-mundo","category-slide"],"_links":{"self":[{"href":"https:\/\/archive.sana.sy\/es\/index.php?rest_route=\/wp\/v2\/posts\/310197"}],"collection":[{"href":"https:\/\/archive.sana.sy\/es\/index.php?rest_route=\/wp\/v2\/posts"}],"about":[{"href":"https:\/\/archive.sana.sy\/es\/index.php?rest_route=\/wp\/v2\/types\/post"}],"author":[{"embeddable":true,"href":"https:\/\/archive.sana.sy\/es\/index.php?rest_route=\/wp\/v2\/users\/39"}],"replies":[{"embeddable":true,"href":"https:\/\/archive.sana.sy\/es\/index.php?rest_route=%2Fwp%2Fv2%2Fcomments&post=310197"}],"version-history":[{"count":2,"href":"https:\/\/archive.sana.sy\/es\/index.php?rest_route=\/wp\/v2\/posts\/310197\/revisions"}],"predecessor-version":[{"id":310201,"href":"https:\/\/archive.sana.sy\/es\/index.php?rest_route=\/wp\/v2\/posts\/310197\/revisions\/310201"}],"wp:featuredmedia":[{"embeddable":true,"href":"https:\/\/archive.sana.sy\/es\/index.php?rest_route=\/wp\/v2\/media\/310199"}],"wp:attachment":[{"href":"https:\/\/archive.sana.sy\/es\/index.php?rest_route=%2Fwp%2Fv2%2Fmedia&parent=310197"}],"wp:term":[{"taxonomy":"category","embeddable":true,"href":"https:\/\/archive.sana.sy\/es\/index.php?rest_route=%2Fwp%2Fv2%2Fcategories&post=310197"},{"taxonomy":"post_tag","embeddable":true,"href":"https:\/\/archive.sana.sy\/es\/index.php?rest_route=%2Fwp%2Fv2%2Ftags&post=310197"}],"curies":[{"name":"wp","href":"https:\/\/api.w.org\/{rel}","templated":true}]}}