{"id":31023,"date":"2015-10-03T22:40:33","date_gmt":"2015-10-03T19:40:33","guid":{"rendered":"http:\/\/sana.sy\/es\/?p=31023"},"modified":"2015-10-03T22:47:38","modified_gmt":"2015-10-03T19:47:38","slug":"kartapolov-la-aviacion-rusa-logro-reducir-la-capacidad-de-combate-de-los-terroristas","status":"publish","type":"post","link":"https:\/\/archive.sana.sy\/es\/?p=31023","title":{"rendered":"Kartap\u00f3lov: la aviaci\u00f3n rusa logr\u00f3 reducir la capacidad de combate de los terroristas"},"content":{"rendered":"<p style=\"text-align: justify\"><span style=\"color: #800000\">Mosc\u00fa, SANA<\/span>&#8211; Al menos 600 mercenarios han huido del campo de batalla en Siria e intentan llegar a Europa, dijo este s\u00e1bado el jefe de la Direcci\u00f3n superior operativa del Estado Mayor General del Ej\u00e9rcito ruso, el coronel general Andr\u00e9i Kartap\u00f3lov, citando datos de la Inteligencia.<\/p>\n<p style=\"text-align: justify\">&#8220;El p\u00e1nico se ha apoderado de los terroristas. Unos 600 mercenarios dejaron sus posiciones y tratan de penetrar en Europa&#8221;, asegur\u00f3 Kartap\u00f3lov.<\/p>\n<p style=\"text-align: justify\">Seg\u00fan el coronel, &#8220;la inteligencia detecta que los mercenarios abandonan las zonas bajo su control&#8221;.<\/p>\n<p style=\"text-align: justify\">Adem\u00e1s, se\u00f1al\u00f3 que la aviaci\u00f3n rusa logr\u00f3 disminuir la capacidad de combate de los terroristas.<\/p>\n<p style=\"text-align: justify\">Kartap\u00f3lov asegur\u00f3 tambi\u00e9n que Rusia continuar\u00e1 e intensificar\u00e1 la ofensiva.<\/p>\n<p style=\"text-align: justify\">&#8220;La aviaci\u00f3n continuar\u00e1 los ataques con mayor intensidad&#8221;, remarc\u00f3, precisando que los blancos son, sobre todo, &#8220;los centros de mando, dep\u00f3sitos de municiones y explosivos, puntos de comunicaci\u00f3n, las plantas de producci\u00f3n de bombas para los terroristas suicidas y los campamentos de entrenamiento&#8221;.<\/p>\n<p style=\"text-align: justify\">Asimismo, indic\u00f3 que Washington corrobor\u00f3 a Mosc\u00fa que en la zona de operaciones de la aviaci\u00f3n rusa &#8220;no hay nadie, excepto terroristas&#8221;.<\/p>\n<p style=\"text-align: justify\">Varios funcionarios rusos de alto nivel subrayaron que los ataques apuntan \u00fanicamente contra los grupos declarados como terroristas.<\/p>\n<p style=\"text-align: justify\">Rusia lanz\u00f3 el mi\u00e9rcoles una operaci\u00f3n a\u00e9rea contra las posiciones del EI en Siria atendiendo una petici\u00f3n del gobierno sirio.<\/p>\n<p>M.Miri<\/p>\n","protected":false},"excerpt":{"rendered":"<p>Mosc\u00fa, SANA&#8211; Al menos 600 mercenarios han huido del campo de batalla en Siria e intentan llegar a Europa, dijo este s\u00e1bado el jefe de la Direcci\u00f3n superior operativa del Estado Mayor General del Ej\u00e9rcito ruso, el coronel general Andr\u00e9i Kartap\u00f3lov, citando datos de la Inteligencia. &#8220;El p\u00e1nico se ha apoderado de los terroristas. Unos &hellip;<\/p>\n","protected":false},"author":1,"featured_media":31024,"comment_status":"closed","ping_status":"closed","sticky":false,"template":"","format":"standard","meta":{"footnotes":""},"categories":[456,457,576],"tags":[6895],"class_list":["post-31023","post","type-post","status-publish","format-standard","has-post-thumbnail","","category-arabe-internacional-politica","category-noticias-arabe-internacional-politica","category-noticias-politicas","tag-kartapolov-la-aviacion-rusa-logro-reducir-la-capacidad-de-combate-de-los-terroristas"],"_links":{"self":[{"href":"https:\/\/archive.sana.sy\/es\/index.php?rest_route=\/wp\/v2\/posts\/31023"}],"collection":[{"href":"https:\/\/archive.sana.sy\/es\/index.php?rest_route=\/wp\/v2\/posts"}],"about":[{"href":"https:\/\/archive.sana.sy\/es\/index.php?rest_route=\/wp\/v2\/types\/post"}],"author":[{"embeddable":true,"href":"https:\/\/archive.sana.sy\/es\/index.php?rest_route=\/wp\/v2\/users\/1"}],"replies":[{"embeddable":true,"href":"https:\/\/archive.sana.sy\/es\/index.php?rest_route=%2Fwp%2Fv2%2Fcomments&post=31023"}],"version-history":[{"count":0,"href":"https:\/\/archive.sana.sy\/es\/index.php?rest_route=\/wp\/v2\/posts\/31023\/revisions"}],"wp:featuredmedia":[{"embeddable":true,"href":"https:\/\/archive.sana.sy\/es\/index.php?rest_route=\/wp\/v2\/media\/31024"}],"wp:attachment":[{"href":"https:\/\/archive.sana.sy\/es\/index.php?rest_route=%2Fwp%2Fv2%2Fmedia&parent=31023"}],"wp:term":[{"taxonomy":"category","embeddable":true,"href":"https:\/\/archive.sana.sy\/es\/index.php?rest_route=%2Fwp%2Fv2%2Fcategories&post=31023"},{"taxonomy":"post_tag","embeddable":true,"href":"https:\/\/archive.sana.sy\/es\/index.php?rest_route=%2Fwp%2Fv2%2Ftags&post=31023"}],"curies":[{"name":"wp","href":"https:\/\/api.w.org\/{rel}","templated":true}]}}