{"id":31035,"date":"2015-10-03T22:25:21","date_gmt":"2015-10-03T19:25:21","guid":{"rendered":"http:\/\/sana.sy\/es\/?p=31035"},"modified":"2015-10-03T22:25:21","modified_gmt":"2015-10-03T19:25:21","slug":"viva-siria-y-viva-rusia-no-a-injerencia-extranjera-en-siria-marcha-en-roma-para-agradecer-el-apoyo-ruso-a-siria","status":"publish","type":"post","link":"https:\/\/archive.sana.sy\/es\/?p=31035","title":{"rendered":"\u201cViva Siria y Viva Rusia, No a injerencia extranjera en Siria\u201d Marcha en Roma para agradecer el apoyo ruso a Siria"},"content":{"rendered":"<p style=\"text-align: justify\"><span style=\"color: #800000\">Roma, SANA<\/span>-El comit\u00e9 ruso-italiano con la participaci\u00f3n de la comunidad siria organizaron en Italia organizaron el s\u00e1bado una marcha en Roma para apoyar la participaci\u00f3n de Rusia en la lucha contra el terrorismo en Siria.<\/p>\n<p style=\"text-align: justify\">Los participantes de este acto exigieron a la comunidad internacional que detenga el derramamiento de la sangre siria y la destrucci\u00f3n de la civilizaci\u00f3n humana, arbolando pancartas sobre las cuales escribieron frases que denuncian el terrorismo y agradecen a Rusia y a su presidente Vladimir Putin.<\/p>\n<p style=\"text-align: justify\">Todo el mundo expresaron su bendici\u00f3n para la participaci\u00f3n de Rusia en la lucha contra el terrorismo en Siria para detener la matanza y la destrucci\u00f3n a manos de las bandas terroristas y para recuperar la paz y la estabilidad en Siria y la regi\u00f3n, en el mismo contexto los participantes consideraron que Rusia y el ej\u00e9rcito \u00e1rabe sirio son los \u00fanicas fuerzas capaces de derrotar el terrorismo despu\u00e9s tantos a\u00f1os de apoyo a los terroristas por parte de Occidente y algunas pa\u00edses \u00e1rabes.<\/p>\n<p style=\"text-align: center\"><a href=\"http:\/\/sana.sy\/es\/?attachment_id=31037\" rel=\"attachment wp-att-31037\"><img loading=\"lazy\" decoding=\"async\" class=\"alignnone size-medium wp-image-31037\" src=\"http:\/\/sana.sy\/es\/wp-content\/uploads\/2015\/10\/325-300x168-300x168.jpg\" alt=\"325-300x168\" width=\"300\" height=\"168\" srcset=\"https:\/\/archive.sana.sy\/es\/wp-content\/uploads\/2015\/10\/325-300x168.jpg 300w, https:\/\/archive.sana.sy\/es\/wp-content\/uploads\/2015\/10\/325-300x168-150x84.jpg 150w\" sizes=\"(max-width: 300px) 100vw, 300px\" \/><\/a><\/p>\n<p style=\"text-align: justify\">Es de se\u00f1alar que Rusia comenz\u00f3 el mi\u00e9rcoles una operaci\u00f3n a\u00e9rea contra las posiciones del EI en Siria atendiendo una petici\u00f3n del gobierno sirio.<\/p>\n<p>M.Miri<\/p>\n","protected":false},"excerpt":{"rendered":"<p>Roma, SANA-El comit\u00e9 ruso-italiano con la participaci\u00f3n de la comunidad siria organizaron en Italia organizaron el s\u00e1bado una marcha en Roma para apoyar la participaci\u00f3n de Rusia en la lucha contra el terrorismo en Siria. Los participantes de este acto exigieron a la comunidad internacional que detenga el derramamiento de la sangre siria y la &hellip;<\/p>\n","protected":false},"author":1,"featured_media":31036,"comment_status":"closed","ping_status":"closed","sticky":false,"template":"","format":"standard","meta":{"footnotes":""},"categories":[1],"tags":[6900,6901],"class_list":["post-31035","post","type-post","status-publish","format-standard","has-post-thumbnail","","category-news-not-sorted","tag-viva-siria-y-viva-rusia","tag-no-a-injerencia-extranjera-en-siria-marcha-en-roma-para-agradecer-el-apoyo-ruso-a-siria"],"_links":{"self":[{"href":"https:\/\/archive.sana.sy\/es\/index.php?rest_route=\/wp\/v2\/posts\/31035"}],"collection":[{"href":"https:\/\/archive.sana.sy\/es\/index.php?rest_route=\/wp\/v2\/posts"}],"about":[{"href":"https:\/\/archive.sana.sy\/es\/index.php?rest_route=\/wp\/v2\/types\/post"}],"author":[{"embeddable":true,"href":"https:\/\/archive.sana.sy\/es\/index.php?rest_route=\/wp\/v2\/users\/1"}],"replies":[{"embeddable":true,"href":"https:\/\/archive.sana.sy\/es\/index.php?rest_route=%2Fwp%2Fv2%2Fcomments&post=31035"}],"version-history":[{"count":0,"href":"https:\/\/archive.sana.sy\/es\/index.php?rest_route=\/wp\/v2\/posts\/31035\/revisions"}],"wp:featuredmedia":[{"embeddable":true,"href":"https:\/\/archive.sana.sy\/es\/index.php?rest_route=\/wp\/v2\/media\/31036"}],"wp:attachment":[{"href":"https:\/\/archive.sana.sy\/es\/index.php?rest_route=%2Fwp%2Fv2%2Fmedia&parent=31035"}],"wp:term":[{"taxonomy":"category","embeddable":true,"href":"https:\/\/archive.sana.sy\/es\/index.php?rest_route=%2Fwp%2Fv2%2Fcategories&post=31035"},{"taxonomy":"post_tag","embeddable":true,"href":"https:\/\/archive.sana.sy\/es\/index.php?rest_route=%2Fwp%2Fv2%2Ftags&post=31035"}],"curies":[{"name":"wp","href":"https:\/\/api.w.org\/{rel}","templated":true}]}}