{"id":310429,"date":"2023-10-05T15:38:56","date_gmt":"2023-10-05T12:38:56","guid":{"rendered":"https:\/\/sana.sy\/es\/?p=310429"},"modified":"2023-10-05T15:44:12","modified_gmt":"2023-10-05T12:44:12","slug":"ataque-terrorista-con-drones-contra-ceremonia-de-graduacion-en-la-academia-militar-en-homs","status":"publish","type":"post","link":"https:\/\/archive.sana.sy\/es\/?p=310429","title":{"rendered":"Ataque terrorista con drones contra ceremonia de graduaci\u00f3n en la Academia Militar en Homs"},"content":{"rendered":"<p style=\"text-align: justify;\"><span style=\"color: #800000;\"><strong>Damasco, 5 oct (SANA)\u00a0<\/strong> <\/span>\u00a0\u201cGrupos terroristas, apoyados por ciertos gobiernos extranjeros, atacaron hoy con drones la ceremonia de graduaci\u00f3n de cadetes de la Academia Militar en la provincia central de Homs\u201d, inform\u00f3 hoy el Ministerio de Defensa de Siria por medio de una declaraci\u00f3n.<\/p>\n<p style=\"text-align: justify;\">Seg\u00fan el comunicado, el ataque se llev\u00f3 a cabo con drones que portaban proyectiles y municiones explosivas, y ocurri\u00f3 inmediatamente despu\u00e9s de terminar la ceremonia.<\/p>\n<p style=\"text-align: justify;\">\u201cVarios cayeron m\u00e1rtires, tanto civiles como militares, y decenas resultaron heridos, algunos de gravedad, entre los familiares invitados, incluso mujeres y ni\u00f1os, adem\u00e1s de varios estudiantes universitarios que participaban en la graduaci\u00f3n\u201d, precis\u00f3 el ente castrense.<\/p>\n<p style=\"text-align: justify;\">Agreg\u00f3 que el Comando General del Ej\u00e9rcito y las Fuerzas Armadas tacha de cobarde y criminal este acto terrorista sin precedentes, y afirma que responder\u00e1 con toda la fuerza y decisi\u00f3n a estas agrupaciones terroristas dondequiera que est\u00e9n.<\/p>\n<p style=\"text-align: justify;\">\u201cLos planificadores y ejecutores de este acto rendir\u00e1n cuenta y pagar\u00e1n caro el precio de su cobarde ataque\u201d, concluy\u00f3 el Ministerio su declaraci\u00f3n.<\/p>\n<p style=\"text-align: justify;\">fm\/ed<\/p>\n","protected":false},"excerpt":{"rendered":"<p>Damasco, 5 oct (SANA)\u00a0 \u00a0\u201cGrupos terroristas, apoyados por ciertos gobiernos extranjeros, atacaron hoy con drones la ceremonia de graduaci\u00f3n de cadetes de la Academia Militar en la provincia central de Homs\u201d, inform\u00f3 hoy el Ministerio de Defensa de Siria por medio de una declaraci\u00f3n. Seg\u00fan el comunicado, el ataque se llev\u00f3 a cabo con drones &hellip;<\/p>\n","protected":false},"author":32,"featured_media":310430,"comment_status":"closed","ping_status":"closed","sticky":false,"template":"","format":"standard","meta":{"footnotes":""},"categories":[477,597,20724,476,583],"tags":[],"class_list":["post-310429","post","type-post","status-publish","format-standard","has-post-thumbnail","","category-noticias-edulcorantes","category-cinta-de-noticias","category-minuto-a-minuto","category-locales","category-slide"],"_links":{"self":[{"href":"https:\/\/archive.sana.sy\/es\/index.php?rest_route=\/wp\/v2\/posts\/310429"}],"collection":[{"href":"https:\/\/archive.sana.sy\/es\/index.php?rest_route=\/wp\/v2\/posts"}],"about":[{"href":"https:\/\/archive.sana.sy\/es\/index.php?rest_route=\/wp\/v2\/types\/post"}],"author":[{"embeddable":true,"href":"https:\/\/archive.sana.sy\/es\/index.php?rest_route=\/wp\/v2\/users\/32"}],"replies":[{"embeddable":true,"href":"https:\/\/archive.sana.sy\/es\/index.php?rest_route=%2Fwp%2Fv2%2Fcomments&post=310429"}],"version-history":[{"count":1,"href":"https:\/\/archive.sana.sy\/es\/index.php?rest_route=\/wp\/v2\/posts\/310429\/revisions"}],"predecessor-version":[{"id":310431,"href":"https:\/\/archive.sana.sy\/es\/index.php?rest_route=\/wp\/v2\/posts\/310429\/revisions\/310431"}],"wp:featuredmedia":[{"embeddable":true,"href":"https:\/\/archive.sana.sy\/es\/index.php?rest_route=\/wp\/v2\/media\/310430"}],"wp:attachment":[{"href":"https:\/\/archive.sana.sy\/es\/index.php?rest_route=%2Fwp%2Fv2%2Fmedia&parent=310429"}],"wp:term":[{"taxonomy":"category","embeddable":true,"href":"https:\/\/archive.sana.sy\/es\/index.php?rest_route=%2Fwp%2Fv2%2Fcategories&post=310429"},{"taxonomy":"post_tag","embeddable":true,"href":"https:\/\/archive.sana.sy\/es\/index.php?rest_route=%2Fwp%2Fv2%2Ftags&post=310429"}],"curies":[{"name":"wp","href":"https:\/\/api.w.org\/{rel}","templated":true}]}}