{"id":310439,"date":"2023-10-05T19:45:05","date_gmt":"2023-10-05T16:45:05","guid":{"rendered":"http:\/\/sana.sy\/es\/?p=310439"},"modified":"2023-10-06T18:59:35","modified_gmt":"2023-10-06T15:59:35","slug":"cancilleria-siria-condena-ataque-terrorista-contra-academia-militar","status":"publish","type":"post","link":"https:\/\/archive.sana.sy\/es\/?p=310439","title":{"rendered":"Canciller\u00eda siria condena ataque terrorista contra Academia Militar"},"content":{"rendered":"<blockquote><p><strong><span style=\"color: #ff6600;\">\u201cSiria subraya que este acto de terrorismo no debilitar\u00e1 su determinaci\u00f3n de erradicar la plaga del terrorismo y sus patrocinadores, y que responder\u00e1 con fuerza y determinaci\u00f3n a estas organizaciones terroristas dondequiera que se encuentren en el territorio de la Rep\u00fablica \u00c1rabe Siria\u201d, acentu\u00f3 la Canciller\u00eda.<\/span><\/strong><\/p><\/blockquote>\n<p style=\"text-align: justify;\"><span style=\"color: #800000;\"><strong>Damasco, 5 oct (SANA)<\/strong><\/span>\u00a0 El Ministerio de Asuntos Exteriores y Expatriados de Siria conden\u00f3 en\u00e9rgicamente el vil ataque perpetrado por grupos terroristas contra la ceremonia de graduaci\u00f3n de los cadetes de la Academia Militar en Homs.<\/p>\n<p style=\"text-align: justify;\">En un comunicado, la Canciller\u00eda fustig\u00f3 que este acto cobarde es un claro ejemplo del enfoque terrorista y brutal de sus autores, que ha causado sufrimiento al pueblo sirio a lo largo de los a\u00f1os.<\/p>\n<p style=\"text-align: justify;\">\u201cSiria subraya que este acto de terrorismo no debilitar\u00e1 su determinaci\u00f3n de erradicar la plaga del terrorismo y sus patrocinadores, y que responder\u00e1 con fuerza y determinaci\u00f3n a estas organizaciones terroristas dondequiera que se encuentren en el territorio de la Rep\u00fablica \u00c1rabe Siria\u201d, acentu\u00f3 la Canciller\u00eda.<\/p>\n<p style=\"text-align: justify;\">La Canciller\u00eda dirigi\u00f3 un llamado urgente a las Naciones Unidas y al Consejo de Seguridad para que condenen este acto terrorista cobarde y para que responsabilicen a los Estados que apoyan el terrorismo por sus cr\u00edmenes contra el pueblo sirio.<\/p>\n<p style=\"text-align: justify;\"><em><strong>ah\/fm<\/strong><\/em><\/p>\n","protected":false},"excerpt":{"rendered":"<p>\u201cSiria subraya que este acto de terrorismo no debilitar\u00e1 su determinaci\u00f3n de erradicar la plaga del terrorismo y sus patrocinadores, y que responder\u00e1 con fuerza y determinaci\u00f3n a estas organizaciones terroristas dondequiera que se encuentren en el territorio de la Rep\u00fablica \u00c1rabe Siria\u201d, acentu\u00f3 la Canciller\u00eda. Damasco, 5 oct (SANA)\u00a0 El Ministerio de Asuntos Exteriores &hellip;<\/p>\n","protected":false},"author":30,"featured_media":310440,"comment_status":"closed","ping_status":"closed","sticky":false,"template":"","format":"standard","meta":{"footnotes":""},"categories":[597,573,20724,476,7541],"tags":[],"class_list":["post-310439","post","type-post","status-publish","format-standard","has-post-thumbnail","","category-cinta-de-noticias","category-la-realidad-de-los-acontecimientos-en-siria","category-minuto-a-minuto","category-locales","category-ultimas-noticias"],"_links":{"self":[{"href":"https:\/\/archive.sana.sy\/es\/index.php?rest_route=\/wp\/v2\/posts\/310439"}],"collection":[{"href":"https:\/\/archive.sana.sy\/es\/index.php?rest_route=\/wp\/v2\/posts"}],"about":[{"href":"https:\/\/archive.sana.sy\/es\/index.php?rest_route=\/wp\/v2\/types\/post"}],"author":[{"embeddable":true,"href":"https:\/\/archive.sana.sy\/es\/index.php?rest_route=\/wp\/v2\/users\/30"}],"replies":[{"embeddable":true,"href":"https:\/\/archive.sana.sy\/es\/index.php?rest_route=%2Fwp%2Fv2%2Fcomments&post=310439"}],"version-history":[{"count":3,"href":"https:\/\/archive.sana.sy\/es\/index.php?rest_route=\/wp\/v2\/posts\/310439\/revisions"}],"predecessor-version":[{"id":310443,"href":"https:\/\/archive.sana.sy\/es\/index.php?rest_route=\/wp\/v2\/posts\/310439\/revisions\/310443"}],"wp:featuredmedia":[{"embeddable":true,"href":"https:\/\/archive.sana.sy\/es\/index.php?rest_route=\/wp\/v2\/media\/310440"}],"wp:attachment":[{"href":"https:\/\/archive.sana.sy\/es\/index.php?rest_route=%2Fwp%2Fv2%2Fmedia&parent=310439"}],"wp:term":[{"taxonomy":"category","embeddable":true,"href":"https:\/\/archive.sana.sy\/es\/index.php?rest_route=%2Fwp%2Fv2%2Fcategories&post=310439"},{"taxonomy":"post_tag","embeddable":true,"href":"https:\/\/archive.sana.sy\/es\/index.php?rest_route=%2Fwp%2Fv2%2Ftags&post=310439"}],"curies":[{"name":"wp","href":"https:\/\/api.w.org\/{rel}","templated":true}]}}