{"id":310444,"date":"2023-10-05T20:30:19","date_gmt":"2023-10-05T17:30:19","guid":{"rendered":"http:\/\/sana.sy\/es\/?p=310444"},"modified":"2023-10-06T18:59:20","modified_gmt":"2023-10-06T15:59:20","slug":"siria-en-luto-por-victimas-de-ataque-terrorista-contra-academia-militar","status":"publish","type":"post","link":"https:\/\/archive.sana.sy\/es\/?p=310444","title":{"rendered":"Siria en luto por v\u00edctimas de ataque terrorista contra academia militar"},"content":{"rendered":"<p style=\"text-align: justify;\"><span style=\"color: #800000;\"><strong>Damasco, 05 oct (SANA)\u00a0<\/strong><\/span>El Gobierno de la Rep\u00fablica \u00c1rabe Siria declar\u00f3 hoy tres d\u00edas de luto p\u00fablico y oficial, a partir del 6 de octubre 2023, por los civiles y militares que cayeron en el brutal ataque terrorista que tuvo como objetivo la ceremonia de graduaci\u00f3n de cadetes de la Academia Militar en Homs.<\/p>\n<p style=\"text-align: justify;\">Durante este periodo, se bajan las banderas a media asta en toda la Rep\u00fablica \u00c1rabe Siria y en todas las embajadas y misiones diplom\u00e1ticas en el extranjero.<\/p>\n<p style=\"text-align: justify;\">\u201cGrupos terroristas, apoyados por ciertos gobiernos extranjeros, atacaron hoy con drones la ceremonia de graduaci\u00f3n de cadetes de la Academia Militar en la provincia central de Homs\u201d, inform\u00f3 hoy el Ministerio de Defensa de Siria por medio de una declaraci\u00f3n.<\/p>\n<p style=\"text-align: justify;\">Seg\u00fan el comunicado, el ataque se llev\u00f3 a cabo con drones que portaban proyectiles y municiones explosivas, y ocurri\u00f3 inmediatamente despu\u00e9s de terminar la ceremonia.<\/p>\n<p style=\"text-align: justify;\">\u201cVarios cayeron m\u00e1rtires, tanto civiles como militares, y decenas resultaron heridos, algunos de gravedad, entre los familiares invitados, incluso mujeres y ni\u00f1os, adem\u00e1s de varios estudiantes universitarios que participaban en la graduaci\u00f3n\u201d, precis\u00f3 el ente castrense.<\/p>\n<p style=\"text-align: justify;\">Agreg\u00f3 que el Comando General del Ej\u00e9rcito y las Fuerzas Armadas tacha de cobarde y criminal este acto terrorista sin precedentes, y afirma que responder\u00e1 con toda la fuerza y decisi\u00f3n a estas agrupaciones terroristas dondequiera que est\u00e9n.<\/p>\n<p style=\"text-align: justify;\">\u201cLos planificadores y ejecutores de este acto rendir\u00e1n cuenta y pagar\u00e1n caro el precio de su cobarde ataque\u201d, concluy\u00f3 el Ministerio su declaraci\u00f3n.<\/p>\n<p style=\"text-align: justify;\"><em><strong>ah\/fm<\/strong><\/em><\/p>\n","protected":false},"excerpt":{"rendered":"<p>Damasco, 05 oct (SANA)\u00a0El Gobierno de la Rep\u00fablica \u00c1rabe Siria declar\u00f3 hoy tres d\u00edas de luto p\u00fablico y oficial, a partir del 6 de octubre 2023, por los civiles y militares que cayeron en el brutal ataque terrorista que tuvo como objetivo la ceremonia de graduaci\u00f3n de cadetes de la Academia Militar en Homs. Durante &hellip;<\/p>\n","protected":false},"author":30,"featured_media":310445,"comment_status":"closed","ping_status":"closed","sticky":false,"template":"","format":"standard","meta":{"footnotes":""},"categories":[477,597,573,20724,476,583],"tags":[],"class_list":["post-310444","post","type-post","status-publish","format-standard","has-post-thumbnail","","category-noticias-edulcorantes","category-cinta-de-noticias","category-la-realidad-de-los-acontecimientos-en-siria","category-minuto-a-minuto","category-locales","category-slide"],"_links":{"self":[{"href":"https:\/\/archive.sana.sy\/es\/index.php?rest_route=\/wp\/v2\/posts\/310444"}],"collection":[{"href":"https:\/\/archive.sana.sy\/es\/index.php?rest_route=\/wp\/v2\/posts"}],"about":[{"href":"https:\/\/archive.sana.sy\/es\/index.php?rest_route=\/wp\/v2\/types\/post"}],"author":[{"embeddable":true,"href":"https:\/\/archive.sana.sy\/es\/index.php?rest_route=\/wp\/v2\/users\/30"}],"replies":[{"embeddable":true,"href":"https:\/\/archive.sana.sy\/es\/index.php?rest_route=%2Fwp%2Fv2%2Fcomments&post=310444"}],"version-history":[{"count":1,"href":"https:\/\/archive.sana.sy\/es\/index.php?rest_route=\/wp\/v2\/posts\/310444\/revisions"}],"predecessor-version":[{"id":310446,"href":"https:\/\/archive.sana.sy\/es\/index.php?rest_route=\/wp\/v2\/posts\/310444\/revisions\/310446"}],"wp:featuredmedia":[{"embeddable":true,"href":"https:\/\/archive.sana.sy\/es\/index.php?rest_route=\/wp\/v2\/media\/310445"}],"wp:attachment":[{"href":"https:\/\/archive.sana.sy\/es\/index.php?rest_route=%2Fwp%2Fv2%2Fmedia&parent=310444"}],"wp:term":[{"taxonomy":"category","embeddable":true,"href":"https:\/\/archive.sana.sy\/es\/index.php?rest_route=%2Fwp%2Fv2%2Fcategories&post=310444"},{"taxonomy":"post_tag","embeddable":true,"href":"https:\/\/archive.sana.sy\/es\/index.php?rest_route=%2Fwp%2Fv2%2Ftags&post=310444"}],"curies":[{"name":"wp","href":"https:\/\/api.w.org\/{rel}","templated":true}]}}