{"id":310447,"date":"2023-10-05T20:49:47","date_gmt":"2023-10-05T17:49:47","guid":{"rendered":"http:\/\/sana.sy\/es\/?p=310447"},"modified":"2023-10-06T18:59:03","modified_gmt":"2023-10-06T15:59:03","slug":"ministro-de-salud-visita-a-heridos-del-ataque-terrorista-contra-la-academia-militar-de-homs","status":"publish","type":"post","link":"https:\/\/archive.sana.sy\/es\/?p=310447","title":{"rendered":"Al menos 80 muertos y 240 heridos por el ataque terrorista contra la Academia Militar en Homs"},"content":{"rendered":"<p style=\"text-align: justify;\"><span style=\"color: #800000;\"><strong>Homs, 05 oct (SANA) <\/strong><\/span>Al menos 80 m\u00e1rtires y 240 heridos por el ataque terrorista contra la Academia Militar en Homs, afirma el ministro de Salud de Siria, Hassan Ghabash, y agreg\u00f3 que esta cifra podr\u00eda aumentar.<\/p>\n<p style=\"text-align: justify;\">Asimismo, visit\u00f3 los hospitales de la provincia central de Homs para estar al tanto del estado de salud del cobarde ataque terrorista ocurrido esta tarde contra la Academia Militar de Homs, durante una ceremonia de egresi\u00f3n de cadetes militares.<\/p>\n<p>El Titular afirm\u00f3 que se est\u00e1 brindando atenci\u00f3n m\u00e9dica y se aseguran todos los insumos necesarios para garantizar una \u00f3ptima recuperaci\u00f3n de los heridos.<\/p>\n<p>El Ministro del ramo destac\u00f3 que los cuadros m\u00e9dicos proporcionan atenci\u00f3n integral a todos los heridos, y que se est\u00e1 coordinando en tiempo real entre los hospitales de la ciudad.<\/p>\n<p style=\"text-align: justify;\"><em><strong>ah\/fm<\/strong><\/em><\/p>\n","protected":false},"excerpt":{"rendered":"<p>Homs, 05 oct (SANA) Al menos 80 m\u00e1rtires y 240 heridos por el ataque terrorista contra la Academia Militar en Homs, afirma el ministro de Salud de Siria, Hassan Ghabash, y agreg\u00f3 que esta cifra podr\u00eda aumentar. Asimismo, visit\u00f3 los hospitales de la provincia central de Homs para estar al tanto del estado de salud &hellip;<\/p>\n","protected":false},"author":30,"featured_media":310448,"comment_status":"closed","ping_status":"closed","sticky":false,"template":"","format":"standard","meta":{"footnotes":""},"categories":[477,597,573,20724,476,583],"tags":[],"class_list":["post-310447","post","type-post","status-publish","format-standard","has-post-thumbnail","","category-noticias-edulcorantes","category-cinta-de-noticias","category-la-realidad-de-los-acontecimientos-en-siria","category-minuto-a-minuto","category-locales","category-slide"],"_links":{"self":[{"href":"https:\/\/archive.sana.sy\/es\/index.php?rest_route=\/wp\/v2\/posts\/310447"}],"collection":[{"href":"https:\/\/archive.sana.sy\/es\/index.php?rest_route=\/wp\/v2\/posts"}],"about":[{"href":"https:\/\/archive.sana.sy\/es\/index.php?rest_route=\/wp\/v2\/types\/post"}],"author":[{"embeddable":true,"href":"https:\/\/archive.sana.sy\/es\/index.php?rest_route=\/wp\/v2\/users\/30"}],"replies":[{"embeddable":true,"href":"https:\/\/archive.sana.sy\/es\/index.php?rest_route=%2Fwp%2Fv2%2Fcomments&post=310447"}],"version-history":[{"count":2,"href":"https:\/\/archive.sana.sy\/es\/index.php?rest_route=\/wp\/v2\/posts\/310447\/revisions"}],"predecessor-version":[{"id":310451,"href":"https:\/\/archive.sana.sy\/es\/index.php?rest_route=\/wp\/v2\/posts\/310447\/revisions\/310451"}],"wp:featuredmedia":[{"embeddable":true,"href":"https:\/\/archive.sana.sy\/es\/index.php?rest_route=\/wp\/v2\/media\/310448"}],"wp:attachment":[{"href":"https:\/\/archive.sana.sy\/es\/index.php?rest_route=%2Fwp%2Fv2%2Fmedia&parent=310447"}],"wp:term":[{"taxonomy":"category","embeddable":true,"href":"https:\/\/archive.sana.sy\/es\/index.php?rest_route=%2Fwp%2Fv2%2Fcategories&post=310447"},{"taxonomy":"post_tag","embeddable":true,"href":"https:\/\/archive.sana.sy\/es\/index.php?rest_route=%2Fwp%2Fv2%2Ftags&post=310447"}],"curies":[{"name":"wp","href":"https:\/\/api.w.org\/{rel}","templated":true}]}}