{"id":31045,"date":"2015-10-04T18:52:50","date_gmt":"2015-10-04T15:52:50","guid":{"rendered":"http:\/\/sana.sy\/es\/?p=31045"},"modified":"2015-10-04T18:56:31","modified_gmt":"2015-10-04T15:56:31","slug":"comienza-primera-sesion-de-la-undecima-sesion-ordinaria-de-la-primera-funcion-legislativa-del-parlamento","status":"publish","type":"post","link":"https:\/\/archive.sana.sy\/es\/?p=31045","title":{"rendered":"Comienza primera sesi\u00f3n de la und\u00e9cima sesi\u00f3n ordinaria de la primera funci\u00f3n legislativa del Parlamento"},"content":{"rendered":"<p><span style=\"color: #800000\">Damasco, SANA<\/span><\/p>\n<p>Inici\u00f3 la primera sesi\u00f3n de la und\u00e9cima sesi\u00f3n ordenaria de la primera funci\u00f3n legislativa de la Asamblea del Pueblo con la presidencia del jefe de la misma Muhamad Jihad Al Laham y con la presencia del primer ministro en Dr. Wael Al Halaqui y los miembros del gobierno.<\/p>\n<p>Al iniciar la sesi\u00f3n \u00a0Al Laham dijo: damos las gracias a Rusia y a su presidente Vladimir Putin a sus posturas de apoyo a Siria y a su pueblo y agradecemos a Ir\u00e1n y a los pa\u00edses del BRICS y a todos los amigos quienes apoyaron a Siria contra el terrorismo.<\/p>\n<p>Asimismo llam\u00f3 a movilizar todas las capacidades del pa\u00eds para hacer frente a la guerra librada contra el pa\u00eds.<\/p>\n<p>El presidente del Parlamento resalt\u00f3 la importancia de que la lucha contra la corrupci\u00f3n se convierta en una prioridad de la labor del Gobierno.<\/p>\n<p>A nivel internacional, Al Laham hizo alusi\u00f3n al cambio de las posturas occidentales hacia el tema de la lucha antiterrorista y la crisis siria. Sin embargo critic\u00f3 la propaganda medi\u00e1tica lanzada\u00a0por Occidente respecto al tema de los desplazados sirios, denunciando que esta crisis\u00a0humanitaria surgi\u00f3 a consecuencia del apoyo brindado por los pa\u00edses europeos a las organizaciones terroristas que operan en Siria.<\/p>\n<p>El Presidente de la Asamblea del Pueblo concluy\u00f3 su alocuci\u00f3n rindiendo homenaje a las almas de los soldados que perdieron su vida al defender la patria, as\u00ed como a los soldados heridos, enfatizando que Siria lograr\u00e1 la victoria sobre sus enemigos gracias a los sacrificios de estos mismos.<\/p>\n<p>A su vez al-Halqui valor\u00f3 el rol que desempe\u00f1a la instituci\u00f3n legislativa en los planos pol\u00edtico, parlamentario y gubernamental a la sombra de las dif\u00edciles circunstancias que vive el pa\u00eds afligido por<br \/>\nla lacra del terrorismo.<\/p>\n<p>El jefe del Gabinete afirm\u00f3 que el mismo contin\u00faa garantizando los requisitos necesarios de los ciudadanos como los alimentos b\u00e1sicos, los derivados de petr\u00f3leo y los servicios vitales de los ciudadanos en las diferentes zonas.<\/p>\n<p>Al-Halqui puso de relieve que las estrategias de recuperaci\u00f3n y apoyo a los medios de vida y los programas de compensaci\u00f3n directa son la herramienta principal para pasarse paulatinamente de las soluciones urgentes a las soluciones para largo plazo.<\/p>\n<p>En lo referente a la lucha antiterrorista, al-Halqui dijo que el Gobierno est\u00e1 decidido de seguir adelante en esta batalla gracias a las Fuerzas Armadas y la ayuda de los amigos en L\u00edbano, Ir\u00e1n y la<br \/>\nFederaci\u00f3n de Rusia.<\/p>\n<p>En el asunto de los servicios el presidente del Consejo de Ministros destac\u00f3 los grandes esfuerzos que se realizan por reducir las horas de corte de luz y por garantizar el agua potable en todas las provincias, y enumer\u00f3 medidas que implementa el ejecutivo por mejorar la calidad de vida.<\/p>\n<p>Al-Halqui aludi\u00f3 que el gabinete trabaja afanosamente por frenar la devaluaci\u00f3n de la moneda nacional y mantenerlo en niveles equilibrados. El mismo se\u00f1al\u00f3 que se contin\u00faa concediendo licencias de importaci\u00f3n acorde a prioridades determinadas, a\u00f1\u00e1dale el empe\u00f1o por proteger la producci\u00f3n local.<\/p>\n<p>En lo referente al fen\u00f3meno migratorio, al-Halqui opin\u00f3 que el mismo es un fen\u00f3meno natural de la guerra terrorista que ha impulsado a numerosos ciudadanos a buscar lugares alternativos y seguros tanto dentro como fuera del pa\u00eds.<\/p>\n<p>El alto funcionario hizo referencia tambi\u00e9n a los cambios registrados en las posturas de los pa\u00edses occidentales que propugnan actualmente una soluci\u00f3n pac\u00edfica por v\u00edas pol\u00edticas que sea conducida por la dirigencia del pa\u00eds.<\/p>\n<p>&nbsp;<br \/>\nHala B., Riyad Sh., Lynn A.<\/p>\n","protected":false},"excerpt":{"rendered":"<p>Damasco, SANA Inici\u00f3 la primera sesi\u00f3n de la und\u00e9cima sesi\u00f3n ordenaria de la primera funci\u00f3n legislativa de la Asamblea del Pueblo con la presidencia del jefe de la misma Muhamad Jihad Al Laham y con la presencia del primer ministro en Dr. Wael Al Halaqui y los miembros del gobierno. Al iniciar la sesi\u00f3n \u00a0Al &hellip;<\/p>\n","protected":false},"author":24,"featured_media":11704,"comment_status":"closed","ping_status":"closed","sticky":false,"template":"","format":"standard","meta":{"footnotes":""},"categories":[477,476],"tags":[6904],"class_list":["post-31045","post","type-post","status-publish","format-standard","has-post-thumbnail","","category-noticias-edulcorantes","category-locales","tag-comienza-primera-sesion-de-la-undecima-sesion-ordinaria-de-la-primera-funcion-legislativa-del-parlamento"],"_links":{"self":[{"href":"https:\/\/archive.sana.sy\/es\/index.php?rest_route=\/wp\/v2\/posts\/31045"}],"collection":[{"href":"https:\/\/archive.sana.sy\/es\/index.php?rest_route=\/wp\/v2\/posts"}],"about":[{"href":"https:\/\/archive.sana.sy\/es\/index.php?rest_route=\/wp\/v2\/types\/post"}],"author":[{"embeddable":true,"href":"https:\/\/archive.sana.sy\/es\/index.php?rest_route=\/wp\/v2\/users\/24"}],"replies":[{"embeddable":true,"href":"https:\/\/archive.sana.sy\/es\/index.php?rest_route=%2Fwp%2Fv2%2Fcomments&post=31045"}],"version-history":[{"count":0,"href":"https:\/\/archive.sana.sy\/es\/index.php?rest_route=\/wp\/v2\/posts\/31045\/revisions"}],"wp:featuredmedia":[{"embeddable":true,"href":"https:\/\/archive.sana.sy\/es\/index.php?rest_route=\/wp\/v2\/media\/11704"}],"wp:attachment":[{"href":"https:\/\/archive.sana.sy\/es\/index.php?rest_route=%2Fwp%2Fv2%2Fmedia&parent=31045"}],"wp:term":[{"taxonomy":"category","embeddable":true,"href":"https:\/\/archive.sana.sy\/es\/index.php?rest_route=%2Fwp%2Fv2%2Fcategories&post=31045"},{"taxonomy":"post_tag","embeddable":true,"href":"https:\/\/archive.sana.sy\/es\/index.php?rest_route=%2Fwp%2Fv2%2Ftags&post=31045"}],"curies":[{"name":"wp","href":"https:\/\/api.w.org\/{rel}","templated":true}]}}