{"id":310482,"date":"2023-10-06T12:37:18","date_gmt":"2023-10-06T09:37:18","guid":{"rendered":"http:\/\/sana.sy\/es\/?p=310482"},"modified":"2023-10-06T13:54:28","modified_gmt":"2023-10-06T10:54:28","slug":"egipto-expresa-sondolencias-a-siria-por-victimas-de-ataque-terrorista-contra-academia-militar","status":"publish","type":"post","link":"https:\/\/archive.sana.sy\/es\/?p=310482","title":{"rendered":"Egipto expresa condolencias a Siria por v\u00edctimas de ataque terrorista contra Academia Militar"},"content":{"rendered":"<p style=\"text-align: justify;\"><span style=\"color: #800000;\"><strong>El Cairo, 06 oct (SANA)<\/strong><\/span> Egipto conden\u00f3 en los t\u00e9rminos m\u00e1s en\u00e9rgicos el ataque terrorista que tuvo como blanco la Academia Militar de Homs durante una ceremonia de graduaci\u00f3n de cadetes militares y caus\u00f3 89 muertos y m\u00e1s de 270 heridos.<\/p>\n<p style=\"text-align: justify;\">En un comunicado emitido por el Ministerio de Relaciones Exteriores, Egipto expres\u00f3 sus m\u00e1s sinceras condolencias y solidaridad al gobierno y al pueblo de la hermana Rep\u00fablica Siria, as\u00ed como a las familias de las v\u00edctimas.<\/p>\n<p style=\"text-align: justify;\">El Cairo ratific\u00f3 su firme postura en contra de todas las formas de violencia, terrorismo y el amedrentamiento de civiles, instando a la comunidad internacional a intensificar sus esfuerzos para erradicar el terrorismo desde sus ra\u00edces y desmantelar sus fuentes de apoyo y financiamiento.<\/p>\n<p style=\"text-align: justify;\"><em><strong>ah\/fm<\/strong><\/em><\/p>\n","protected":false},"excerpt":{"rendered":"<p>El Cairo, 06 oct (SANA) Egipto conden\u00f3 en los t\u00e9rminos m\u00e1s en\u00e9rgicos el ataque terrorista que tuvo como blanco la Academia Militar de Homs durante una ceremonia de graduaci\u00f3n de cadetes militares y caus\u00f3 89 muertos y m\u00e1s de 270 heridos. En un comunicado emitido por el Ministerio de Relaciones Exteriores, Egipto expres\u00f3 sus m\u00e1s &hellip;<\/p>\n","protected":false},"author":30,"featured_media":310483,"comment_status":"closed","ping_status":"closed","sticky":false,"template":"","format":"standard","meta":{"footnotes":""},"categories":[597,573,20724,467,7541],"tags":[],"class_list":["post-310482","post","type-post","status-publish","format-standard","has-post-thumbnail","","category-cinta-de-noticias","category-la-realidad-de-los-acontecimientos-en-siria","category-minuto-a-minuto","category-siria-y-el-mundo","category-ultimas-noticias"],"_links":{"self":[{"href":"https:\/\/archive.sana.sy\/es\/index.php?rest_route=\/wp\/v2\/posts\/310482"}],"collection":[{"href":"https:\/\/archive.sana.sy\/es\/index.php?rest_route=\/wp\/v2\/posts"}],"about":[{"href":"https:\/\/archive.sana.sy\/es\/index.php?rest_route=\/wp\/v2\/types\/post"}],"author":[{"embeddable":true,"href":"https:\/\/archive.sana.sy\/es\/index.php?rest_route=\/wp\/v2\/users\/30"}],"replies":[{"embeddable":true,"href":"https:\/\/archive.sana.sy\/es\/index.php?rest_route=%2Fwp%2Fv2%2Fcomments&post=310482"}],"version-history":[{"count":2,"href":"https:\/\/archive.sana.sy\/es\/index.php?rest_route=\/wp\/v2\/posts\/310482\/revisions"}],"predecessor-version":[{"id":310486,"href":"https:\/\/archive.sana.sy\/es\/index.php?rest_route=\/wp\/v2\/posts\/310482\/revisions\/310486"}],"wp:featuredmedia":[{"embeddable":true,"href":"https:\/\/archive.sana.sy\/es\/index.php?rest_route=\/wp\/v2\/media\/310483"}],"wp:attachment":[{"href":"https:\/\/archive.sana.sy\/es\/index.php?rest_route=%2Fwp%2Fv2%2Fmedia&parent=310482"}],"wp:term":[{"taxonomy":"category","embeddable":true,"href":"https:\/\/archive.sana.sy\/es\/index.php?rest_route=%2Fwp%2Fv2%2Fcategories&post=310482"},{"taxonomy":"post_tag","embeddable":true,"href":"https:\/\/archive.sana.sy\/es\/index.php?rest_route=%2Fwp%2Fv2%2Ftags&post=310482"}],"curies":[{"name":"wp","href":"https:\/\/api.w.org\/{rel}","templated":true}]}}