{"id":310490,"date":"2023-10-06T15:01:57","date_gmt":"2023-10-06T12:01:57","guid":{"rendered":"https:\/\/sana.sy\/es\/?p=310490"},"modified":"2023-10-06T15:01:57","modified_gmt":"2023-10-06T12:01:57","slug":"nuevo-ataque-turco-destruye-instalacion-electrica-vital-en-el-nordeste-de-siria","status":"publish","type":"post","link":"https:\/\/archive.sana.sy\/es\/?p=310490","title":{"rendered":"Nuevo ataque turco destruye instalaci\u00f3n el\u00e9ctrica vital en el nordeste de Siria"},"content":{"rendered":"<p style=\"text-align: justify;\"><span style=\"color: #800000;\"><strong>Hasakeh, 06 oct (SANA)\u00a0<\/strong><\/span> Los aviones de combate turcos atacaron hoy la instalaci\u00f3n el\u00e9ctrica de Al-Swedieh, ubicada en el municipio de Al-Malikieh, en el extremo noreste del pa\u00eds.<\/p>\n<p style=\"text-align: justify;\">El director de la Compa\u00f1\u00eda de Electricidad de Hasakeh, Saleh Idris, comunic\u00f3 a nuestra agencia que la agresi\u00f3n turca provoc\u00f3 un incendio y ocasion\u00f3 importantes da\u00f1os materiales.<\/p>\n<p style=\"text-align: justify;\">\u201cLa instalaci\u00f3n de Al-Swedieh es la \u00fanica fuente de energ\u00eda el\u00e9ctrica que quedaba en Hasakeh y abastec\u00eda con energ\u00eda el\u00e9ctrica a las instituciones vitales y de servicios\u201d, explic\u00f3.<\/p>\n<p style=\"text-align: justify;\">Agreg\u00f3 que actualmente la provincia depende de una peque\u00f1a cantidad de corriente el\u00e9ctrica que llega a trav\u00e9s de la l\u00ednea el\u00e9ctrica (230 kv) procedente de Tabqa en la provincia de Raqa, para garantizar el funcionamiento de las plantas de agua, hospitales, panader\u00edas y centros de telecomunicaciones, para garantizar el suministro continuo de servicio a los ciudadanos.<\/p>\n<p style=\"text-align: justify;\">La v\u00edspera, las subestaciones el\u00e9ctricas de las ciudades de Qamishli y Amuda, en el nordeste de Siria, quedaron fuera de servicio como consecuencia de una agresi\u00f3n turca similar.<\/p>\n<p style=\"text-align: justify;\">Idris declar\u00f3 que los cuadros de la empresa est\u00e1n esperando que la situaci\u00f3n se estabilice para inspeccionar las instalaciones y conocer el alcance de los da\u00f1os para iniciar las reparaciones.<\/p>\n<p style=\"text-align: justify;\">Agreg\u00f3 que la planta de agua en el \u00e1rea de Alouk (que abastece con agua potable a casi un mill\u00f3n de personas) dej\u00f3 de funcionar por falta de energ\u00eda el\u00e9ctrica.<\/p>\n<p style=\"text-align: justify;\">fm\/sm<\/p>\n","protected":false},"excerpt":{"rendered":"<p>Hasakeh, 06 oct (SANA)\u00a0 Los aviones de combate turcos atacaron hoy la instalaci\u00f3n el\u00e9ctrica de Al-Swedieh, ubicada en el municipio de Al-Malikieh, en el extremo noreste del pa\u00eds. El director de la Compa\u00f1\u00eda de Electricidad de Hasakeh, Saleh Idris, comunic\u00f3 a nuestra agencia que la agresi\u00f3n turca provoc\u00f3 un incendio y ocasion\u00f3 importantes da\u00f1os materiales. &hellip;<\/p>\n","protected":false},"author":39,"featured_media":310491,"comment_status":"closed","ping_status":"closed","sticky":false,"template":"","format":"standard","meta":{"footnotes":""},"categories":[477,597,573,20724,476,583],"tags":[],"class_list":["post-310490","post","type-post","status-publish","format-standard","has-post-thumbnail","","category-noticias-edulcorantes","category-cinta-de-noticias","category-la-realidad-de-los-acontecimientos-en-siria","category-minuto-a-minuto","category-locales","category-slide"],"_links":{"self":[{"href":"https:\/\/archive.sana.sy\/es\/index.php?rest_route=\/wp\/v2\/posts\/310490"}],"collection":[{"href":"https:\/\/archive.sana.sy\/es\/index.php?rest_route=\/wp\/v2\/posts"}],"about":[{"href":"https:\/\/archive.sana.sy\/es\/index.php?rest_route=\/wp\/v2\/types\/post"}],"author":[{"embeddable":true,"href":"https:\/\/archive.sana.sy\/es\/index.php?rest_route=\/wp\/v2\/users\/39"}],"replies":[{"embeddable":true,"href":"https:\/\/archive.sana.sy\/es\/index.php?rest_route=%2Fwp%2Fv2%2Fcomments&post=310490"}],"version-history":[{"count":1,"href":"https:\/\/archive.sana.sy\/es\/index.php?rest_route=\/wp\/v2\/posts\/310490\/revisions"}],"predecessor-version":[{"id":310492,"href":"https:\/\/archive.sana.sy\/es\/index.php?rest_route=\/wp\/v2\/posts\/310490\/revisions\/310492"}],"wp:featuredmedia":[{"embeddable":true,"href":"https:\/\/archive.sana.sy\/es\/index.php?rest_route=\/wp\/v2\/media\/310491"}],"wp:attachment":[{"href":"https:\/\/archive.sana.sy\/es\/index.php?rest_route=%2Fwp%2Fv2%2Fmedia&parent=310490"}],"wp:term":[{"taxonomy":"category","embeddable":true,"href":"https:\/\/archive.sana.sy\/es\/index.php?rest_route=%2Fwp%2Fv2%2Fcategories&post=310490"},{"taxonomy":"post_tag","embeddable":true,"href":"https:\/\/archive.sana.sy\/es\/index.php?rest_route=%2Fwp%2Fv2%2Ftags&post=310490"}],"curies":[{"name":"wp","href":"https:\/\/api.w.org\/{rel}","templated":true}]}}