{"id":310499,"date":"2023-10-06T16:32:12","date_gmt":"2023-10-06T13:32:12","guid":{"rendered":"https:\/\/sana.sy\/es\/?p=310499"},"modified":"2023-10-06T16:35:20","modified_gmt":"2023-10-06T13:35:20","slug":"jordania-condena-ataque-terrorista-contra-academia-militar-y-confirma-su-solidaridad-con-siria","status":"publish","type":"post","link":"https:\/\/archive.sana.sy\/es\/?p=310499","title":{"rendered":"Jordania condena ataque terrorista contra academia militar y confirma su solidaridad con Siria"},"content":{"rendered":"<p style=\"text-align: justify;\"><span style=\"color: #800000;\"><strong>Am\u00e1n, 06 oct (SANA)\u00a0 <\/strong><\/span>Jordania conden\u00f3 el ataque terrorista que tuvo como objetivo ayer la ceremonia de graduaci\u00f3n de cadetes de la academia militar en la provincia de Homs y conform\u00f3 su solidaridad con la hermana Siria.<\/p>\n<p style=\"text-align: justify;\">\u201cCondenamos el ataque con drones que contra la ceremonia de graduaci\u00f3n de oficiales de la academia militar en la provincia de Homs, y que provoc\u00f3 varias v\u00edctimas y heridos, incluidos civiles\u201d, anunci\u00f3 la Canciller\u00eda jordana hoy mediante un comunicado.<\/p>\n<p style=\"text-align: justify;\">Agreg\u00f3 que el Reino de Jordania rechaza y denuncia todas las formas de violencia y terrorismo, afirma su solidaridad con la hermana Siria, expresa sus condolencias a las familias de las v\u00edctimas y desea una pronta recuperaci\u00f3n a los heridos.<\/p>\n<p style=\"text-align: justify;\">sm<\/p>\n","protected":false},"excerpt":{"rendered":"<p>Am\u00e1n, 06 oct (SANA)\u00a0 Jordania conden\u00f3 el ataque terrorista que tuvo como objetivo ayer la ceremonia de graduaci\u00f3n de cadetes de la academia militar en la provincia de Homs y conform\u00f3 su solidaridad con la hermana Siria. \u201cCondenamos el ataque con drones que contra la ceremonia de graduaci\u00f3n de oficiales de la academia militar en &hellip;<\/p>\n","protected":false},"author":39,"featured_media":310500,"comment_status":"closed","ping_status":"closed","sticky":false,"template":"","format":"standard","meta":{"footnotes":""},"categories":[597,20724,467,7541],"tags":[],"class_list":["post-310499","post","type-post","status-publish","format-standard","has-post-thumbnail","","category-cinta-de-noticias","category-minuto-a-minuto","category-siria-y-el-mundo","category-ultimas-noticias"],"_links":{"self":[{"href":"https:\/\/archive.sana.sy\/es\/index.php?rest_route=\/wp\/v2\/posts\/310499"}],"collection":[{"href":"https:\/\/archive.sana.sy\/es\/index.php?rest_route=\/wp\/v2\/posts"}],"about":[{"href":"https:\/\/archive.sana.sy\/es\/index.php?rest_route=\/wp\/v2\/types\/post"}],"author":[{"embeddable":true,"href":"https:\/\/archive.sana.sy\/es\/index.php?rest_route=\/wp\/v2\/users\/39"}],"replies":[{"embeddable":true,"href":"https:\/\/archive.sana.sy\/es\/index.php?rest_route=%2Fwp%2Fv2%2Fcomments&post=310499"}],"version-history":[{"count":3,"href":"https:\/\/archive.sana.sy\/es\/index.php?rest_route=\/wp\/v2\/posts\/310499\/revisions"}],"predecessor-version":[{"id":310503,"href":"https:\/\/archive.sana.sy\/es\/index.php?rest_route=\/wp\/v2\/posts\/310499\/revisions\/310503"}],"wp:featuredmedia":[{"embeddable":true,"href":"https:\/\/archive.sana.sy\/es\/index.php?rest_route=\/wp\/v2\/media\/310500"}],"wp:attachment":[{"href":"https:\/\/archive.sana.sy\/es\/index.php?rest_route=%2Fwp%2Fv2%2Fmedia&parent=310499"}],"wp:term":[{"taxonomy":"category","embeddable":true,"href":"https:\/\/archive.sana.sy\/es\/index.php?rest_route=%2Fwp%2Fv2%2Fcategories&post=310499"},{"taxonomy":"post_tag","embeddable":true,"href":"https:\/\/archive.sana.sy\/es\/index.php?rest_route=%2Fwp%2Fv2%2Ftags&post=310499"}],"curies":[{"name":"wp","href":"https:\/\/api.w.org\/{rel}","templated":true}]}}