{"id":310504,"date":"2023-10-06T16:46:57","date_gmt":"2023-10-06T13:46:57","guid":{"rendered":"https:\/\/sana.sy\/es\/?p=310504"},"modified":"2023-10-06T17:58:13","modified_gmt":"2023-10-06T14:58:13","slug":"raisi-la-responsabilidad-del-ataque-terrorista-en-siria-recae-en-los-patrocinadores-extranjeros-de-los-grupos-terroristas","status":"publish","type":"post","link":"https:\/\/archive.sana.sy\/es\/?p=310504","title":{"rendered":"Raisi: La responsabilidad del ataque terrorista en Siria recae en los patrocinadores extranjeros de los grupos terroristas"},"content":{"rendered":"<p style=\"text-align: justify;\"><span style=\"color: #800000;\"><strong>Damasco, 06 oct (SANA)\u00a0<\/strong> <\/span>El presidente Bashar Al-Assad recibi\u00f3 hoy un mensaje de condolencia de su hom\u00f3logo iran\u00ed, Ibrahim Raisi, por los m\u00e1rtires ca\u00eddos por el ataque terrorista contra la ceremonia de graduaci\u00f3n de cadetes de la academia militar en Homs.<\/p>\n<p style=\"text-align: justify;\">\u201cNosotros en Ir\u00e1n, gobierno y pueblo, lamentamos este ataque que provoc\u00f3 la muerte y heridas de un gran n\u00famero de j\u00f3venes oficiales, y esperamos que las instituciones internacionales, especialmente el Consejo de Seguridad de las Naciones Unidas, cumplan sus responsabilidades respecto a este ataque terrorista\u201d, dijo Raisi en su mensaje.<\/p>\n<p style=\"text-align: justify;\">Atribuy\u00f3 la continuaci\u00f3n de los ataques terroristas en Siria durante los \u00faltimos meses al continuo apoyo de inteligencia, seguridad y log\u00edstica a los terroristas con el fin de obstaculizar la instauraci\u00f3n de la estabilidad y seguridad en esta naci\u00f3n.<\/p>\n<p style=\"text-align: justify;\">\u201cLa responsabilidad de este tr\u00e1gico incidente recae en los partidarios y patrocinadores extranjeros de los grupos terroristas, incluidos los ocupantes del territorio sirio, que impiden que Siria ejerza su soberan\u00eda nacional sobre sus tierras y combata eficazmente el terrorismo\u201d, precis\u00f3 el Gobernante.<\/p>\n<p style=\"text-align: justify;\">Al final de su mensaje, el presidente iran\u00ed ofreci\u00f3 las condolencias al presidente Al-Assad, al gobierno, ej\u00e9rcito y pueblo de Siria y pidi\u00f3 a Dios una pronta recuperaci\u00f3n de los heridos.<\/p>\n<p style=\"text-align: justify;\">fm\/sm<\/p>\n","protected":false},"excerpt":{"rendered":"<p>Damasco, 06 oct (SANA)\u00a0 El presidente Bashar Al-Assad recibi\u00f3 hoy un mensaje de condolencia de su hom\u00f3logo iran\u00ed, Ibrahim Raisi, por los m\u00e1rtires ca\u00eddos por el ataque terrorista contra la ceremonia de graduaci\u00f3n de cadetes de la academia militar en Homs. \u201cNosotros en Ir\u00e1n, gobierno y pueblo, lamentamos este ataque que provoc\u00f3 la muerte y &hellip;<\/p>\n","protected":false},"author":39,"featured_media":310505,"comment_status":"closed","ping_status":"closed","sticky":false,"template":"","format":"standard","meta":{"footnotes":""},"categories":[597,20724,16237,467,626],"tags":[],"class_list":["post-310504","post","type-post","status-publish","format-standard","has-post-thumbnail","","category-cinta-de-noticias","category-minuto-a-minuto","category-presidence-de-la-republique-arabe-syria","category-siria-y-el-mundo","category-sr-presidente"],"_links":{"self":[{"href":"https:\/\/archive.sana.sy\/es\/index.php?rest_route=\/wp\/v2\/posts\/310504"}],"collection":[{"href":"https:\/\/archive.sana.sy\/es\/index.php?rest_route=\/wp\/v2\/posts"}],"about":[{"href":"https:\/\/archive.sana.sy\/es\/index.php?rest_route=\/wp\/v2\/types\/post"}],"author":[{"embeddable":true,"href":"https:\/\/archive.sana.sy\/es\/index.php?rest_route=\/wp\/v2\/users\/39"}],"replies":[{"embeddable":true,"href":"https:\/\/archive.sana.sy\/es\/index.php?rest_route=%2Fwp%2Fv2%2Fcomments&post=310504"}],"version-history":[{"count":1,"href":"https:\/\/archive.sana.sy\/es\/index.php?rest_route=\/wp\/v2\/posts\/310504\/revisions"}],"predecessor-version":[{"id":310506,"href":"https:\/\/archive.sana.sy\/es\/index.php?rest_route=\/wp\/v2\/posts\/310504\/revisions\/310506"}],"wp:featuredmedia":[{"embeddable":true,"href":"https:\/\/archive.sana.sy\/es\/index.php?rest_route=\/wp\/v2\/media\/310505"}],"wp:attachment":[{"href":"https:\/\/archive.sana.sy\/es\/index.php?rest_route=%2Fwp%2Fv2%2Fmedia&parent=310504"}],"wp:term":[{"taxonomy":"category","embeddable":true,"href":"https:\/\/archive.sana.sy\/es\/index.php?rest_route=%2Fwp%2Fv2%2Fcategories&post=310504"},{"taxonomy":"post_tag","embeddable":true,"href":"https:\/\/archive.sana.sy\/es\/index.php?rest_route=%2Fwp%2Fv2%2Ftags&post=310504"}],"curies":[{"name":"wp","href":"https:\/\/api.w.org\/{rel}","templated":true}]}}