{"id":310507,"date":"2023-10-06T17:56:49","date_gmt":"2023-10-06T14:56:49","guid":{"rendered":"https:\/\/sana.sy\/es\/?p=310507"},"modified":"2023-10-06T17:56:49","modified_gmt":"2023-10-06T14:56:49","slug":"presidente-de-iran-rusia-y-bielorrusia-envian-mensaje-de-condena-a-ataque-terrorista-y-solidaridad-con-siria","status":"publish","type":"post","link":"https:\/\/archive.sana.sy\/es\/?p=310507","title":{"rendered":"Presidente de Ir\u00e1n, Rusia y Bielorrusia env\u00edan mensaje de condena a ataque terrorista y solidaridad con Siria"},"content":{"rendered":"<p style=\"text-align: justify;\"><span style=\"color: #800000;\"><strong>Capitales, 06 oct (SANA)\u00a0 <\/strong><\/span>Los presidentes de Ir\u00e1n, Rusia y Bielorrusia condenaron el ataque terrorista contra la academia militar en la provincia siria de Homs y confirmaron su solidaridad con Siria<\/p>\n<p style=\"text-align: justify;\"><span style=\"color: #0000ff;\"><strong>Raisi: La responsabilidad del ataque terrorista en Siria recae en los patrocinadores extranjeros de los grupos terroristas<\/strong><\/span><\/p>\n<p style=\"text-align: justify;\"><img loading=\"lazy\" decoding=\"async\" class=\"size-medium wp-image-310508 alignright\" src=\"http:\/\/sana.sy\/es\/wp-content\/uploads\/2023\/10\/Raisi-La-responsabilidad-del-ataque-terrorista-en-Siria-recae-en-los-patrocinadores-extranjeros-de-los-grupos-terroristas-1-300x150.jpg\" alt=\"\" width=\"300\" height=\"150\" srcset=\"https:\/\/archive.sana.sy\/es\/wp-content\/uploads\/2023\/10\/Raisi-La-responsabilidad-del-ataque-terrorista-en-Siria-recae-en-los-patrocinadores-extranjeros-de-los-grupos-terroristas-1-300x150.jpg 300w, https:\/\/archive.sana.sy\/es\/wp-content\/uploads\/2023\/10\/Raisi-La-responsabilidad-del-ataque-terrorista-en-Siria-recae-en-los-patrocinadores-extranjeros-de-los-grupos-terroristas-1-150x75.jpg 150w, https:\/\/archive.sana.sy\/es\/wp-content\/uploads\/2023\/10\/Raisi-La-responsabilidad-del-ataque-terrorista-en-Siria-recae-en-los-patrocinadores-extranjeros-de-los-grupos-terroristas-1.jpg 660w\" sizes=\"(max-width: 300px) 100vw, 300px\" \/><\/p>\n<p style=\"text-align: justify;\">El presidente Bashar Al-Assad recibi\u00f3 hoy un mensaje de condolencia de su hom\u00f3logo iran\u00ed, Ibrahim Raisi, por los m\u00e1rtires ca\u00eddos por el ataque terrorista contra la ceremonia de graduaci\u00f3n de cadetes de la academia militar en Homs.<\/p>\n<p style=\"text-align: justify;\">\u201cNosotros en Ir\u00e1n, gobierno y pueblo, lamentamos este ataque que provoc\u00f3 la muerte y heridas de un gran n\u00famero de j\u00f3venes oficiales, y esperamos que las instituciones internacionales, especialmente el Consejo de Seguridad de las Naciones Unidas, cumplan sus responsabilidades respecto a este ataque terrorista\u201d, dijo Raisi en su mensaje.<\/p>\n<p style=\"text-align: justify;\">Atribuy\u00f3 la continuaci\u00f3n de los ataques terroristas en Siria durante los \u00faltimos meses al continuo apoyo de inteligencia, seguridad y log\u00edstica a los terroristas con el fin de obstaculizar la instauraci\u00f3n de la estabilidad y seguridad en esta naci\u00f3n.<\/p>\n<p style=\"text-align: justify;\">\u201cLa responsabilidad de este tr\u00e1gico incidente recae en los partidarios y patrocinadores extranjeros de los grupos terroristas, incluidos los ocupantes del territorio sirio, que impiden que Siria ejerza su soberan\u00eda nacional sobre sus tierras y combata eficazmente el terrorismo\u201d, precis\u00f3 el Gobernante.<\/p>\n<p style=\"text-align: justify;\">Al final de su mensaje, el presidente iran\u00ed ofreci\u00f3 las condolencias al presidente Al-Assad, al gobierno, ej\u00e9rcito y pueblo de Siria y pidi\u00f3 a Dios una pronta recuperaci\u00f3n de los heridos.<\/p>\n<p style=\"text-align: justify;\"><span style=\"color: #0000ff;\"><strong>Putin expresa condolencias al presidente Al-Assad por v\u00edctimas del ataque terrorista contra la Academia Militar de Homs<\/strong><\/span><\/p>\n<p style=\"text-align: justify;\"><img loading=\"lazy\" decoding=\"async\" class=\"size-medium wp-image-310509 alignright\" src=\"http:\/\/sana.sy\/es\/wp-content\/uploads\/2023\/10\/Putin-expresa-condolencias-al-presidente-Al-Assad-por-victimas-del-ataque-terrorista-contra-la-Academia-Militar-de-Homs-660x330-1-300x150.jpeg\" alt=\"\" width=\"300\" height=\"150\" srcset=\"https:\/\/archive.sana.sy\/es\/wp-content\/uploads\/2023\/10\/Putin-expresa-condolencias-al-presidente-Al-Assad-por-victimas-del-ataque-terrorista-contra-la-Academia-Militar-de-Homs-660x330-1-300x150.jpeg 300w, https:\/\/archive.sana.sy\/es\/wp-content\/uploads\/2023\/10\/Putin-expresa-condolencias-al-presidente-Al-Assad-por-victimas-del-ataque-terrorista-contra-la-Academia-Militar-de-Homs-660x330-1-150x75.jpeg 150w, https:\/\/archive.sana.sy\/es\/wp-content\/uploads\/2023\/10\/Putin-expresa-condolencias-al-presidente-Al-Assad-por-victimas-del-ataque-terrorista-contra-la-Academia-Militar-de-Homs-660x330-1.jpeg 660w\" sizes=\"(max-width: 300px) 100vw, 300px\" \/><\/p>\n<p style=\"text-align: justify;\">El presidente Bashar Al-Assad, recibi\u00f3 un mensaje de condolencia de su hom\u00f3logo ruso Vladimir Putin, por los m\u00e1rtires del ataque terrorista ocurrido la v\u00edspera contra una ceremonia de graduaci\u00f3n de cadetes militares, en la Academia Militar de Homs.<\/p>\n<p style=\"text-align: justify;\">\u201cCondenamos en\u00e9rgicamente este acto brutal que caus\u00f3 numerosas v\u00edctimas, incluidos mujeres y ni\u00f1os, y esperamos que los autores reciban el castigo que merecen\u201d, afirm\u00f3 Putin, y expres\u00f3 sus m\u00e1s sinceras condolencias, solidaridad y apoyo a las familias de las v\u00edctimas, as\u00ed como deseos de pronta recuperaci\u00f3n para los heridos.<\/p>\n<p style=\"text-align: justify;\">\u201cRatificamos nuestra determinaci\u00f3n de continuar la estrecha cooperaci\u00f3n con el Estado sirio en la lucha contra todas las formas y manifestaciones del terrorismo\u201d, concluy\u00f3.<\/p>\n<p style=\"text-align: justify;\"><strong><span style=\"color: #0000ff;\">Lukashenko expresa condolencias al presidente Al-Assad por v\u00edctimas de ataque terrorista<\/span><\/strong><\/p>\n<p style=\"text-align: justify;\"><img loading=\"lazy\" decoding=\"async\" class=\"size-medium wp-image-310510 alignright\" src=\"http:\/\/sana.sy\/es\/wp-content\/uploads\/2023\/10\/Lukashenko-expresa-condolencias-al-presidente-Al-Assad-por-victimas-de-ataque-terrorista-1-300x150.jpeg\" alt=\"\" width=\"300\" height=\"150\" srcset=\"https:\/\/archive.sana.sy\/es\/wp-content\/uploads\/2023\/10\/Lukashenko-expresa-condolencias-al-presidente-Al-Assad-por-victimas-de-ataque-terrorista-1-300x150.jpeg 300w, https:\/\/archive.sana.sy\/es\/wp-content\/uploads\/2023\/10\/Lukashenko-expresa-condolencias-al-presidente-Al-Assad-por-victimas-de-ataque-terrorista-1-150x75.jpeg 150w, https:\/\/archive.sana.sy\/es\/wp-content\/uploads\/2023\/10\/Lukashenko-expresa-condolencias-al-presidente-Al-Assad-por-victimas-de-ataque-terrorista-1.jpeg 660w\" sizes=\"(max-width: 300px) 100vw, 300px\" \/><\/p>\n<p style=\"text-align: justify;\">El presidente Bashar Al-Assad, recibi\u00f3 un mensaje de condolencias de su hom\u00f3logo de Bielorrusia, Alexander Lukashenko, en el que conden\u00f3 en\u00e9rgicamente el ataque terrorista contra ceremonia de graduaci\u00f3n de cadetes en la Academia Militar de Homs.<\/p>\n<p style=\"text-align: justify;\">\u201cLa criminalidad sin sentido acab\u00f3 con la vida de estos j\u00f3venes sirios cuyo objetivo era defender los intereses de su patria y llevarla de nuevo a la senda de la paz \u201c, expres\u00f3 Lukashenko en su mensaje.<\/p>\n<p style=\"text-align: justify;\">Asimismo, fustig\u00f3 que el terrorismo en todas sus formas y manifestaciones es injustificable y la comunidad internacional no debe hacer caso omiso del mismo.<\/p>\n<p style=\"text-align: justify;\">El mandatario bielorruso dijo que el pueblo de su pa\u00eds comparte con el pueblo hermano de Siria la tristeza por este momento dif\u00edcil y manifest\u00f3 su solidaridad con las familias de las v\u00edctimas. Tambi\u00e9n dese\u00f3 una pronta recuperaci\u00f3n a los heridos.<\/p>\n<p>fm\/sm<\/p>\n","protected":false},"excerpt":{"rendered":"<p>Capitales, 06 oct (SANA)\u00a0 Los presidentes de Ir\u00e1n, Rusia y Bielorrusia condenaron el ataque terrorista contra la academia militar en la provincia siria de Homs y confirmaron su solidaridad con Siria Raisi: La responsabilidad del ataque terrorista en Siria recae en los patrocinadores extranjeros de los grupos terroristas El presidente Bashar Al-Assad recibi\u00f3 hoy un &hellip;<\/p>\n","protected":false},"author":39,"featured_media":310511,"comment_status":"closed","ping_status":"closed","sticky":false,"template":"","format":"standard","meta":{"footnotes":""},"categories":[597,20724,16237,583,626],"tags":[],"class_list":["post-310507","post","type-post","status-publish","format-standard","has-post-thumbnail","","category-cinta-de-noticias","category-minuto-a-minuto","category-presidence-de-la-republique-arabe-syria","category-slide","category-sr-presidente"],"_links":{"self":[{"href":"https:\/\/archive.sana.sy\/es\/index.php?rest_route=\/wp\/v2\/posts\/310507"}],"collection":[{"href":"https:\/\/archive.sana.sy\/es\/index.php?rest_route=\/wp\/v2\/posts"}],"about":[{"href":"https:\/\/archive.sana.sy\/es\/index.php?rest_route=\/wp\/v2\/types\/post"}],"author":[{"embeddable":true,"href":"https:\/\/archive.sana.sy\/es\/index.php?rest_route=\/wp\/v2\/users\/39"}],"replies":[{"embeddable":true,"href":"https:\/\/archive.sana.sy\/es\/index.php?rest_route=%2Fwp%2Fv2%2Fcomments&post=310507"}],"version-history":[{"count":1,"href":"https:\/\/archive.sana.sy\/es\/index.php?rest_route=\/wp\/v2\/posts\/310507\/revisions"}],"predecessor-version":[{"id":310512,"href":"https:\/\/archive.sana.sy\/es\/index.php?rest_route=\/wp\/v2\/posts\/310507\/revisions\/310512"}],"wp:featuredmedia":[{"embeddable":true,"href":"https:\/\/archive.sana.sy\/es\/index.php?rest_route=\/wp\/v2\/media\/310511"}],"wp:attachment":[{"href":"https:\/\/archive.sana.sy\/es\/index.php?rest_route=%2Fwp%2Fv2%2Fmedia&parent=310507"}],"wp:term":[{"taxonomy":"category","embeddable":true,"href":"https:\/\/archive.sana.sy\/es\/index.php?rest_route=%2Fwp%2Fv2%2Fcategories&post=310507"},{"taxonomy":"post_tag","embeddable":true,"href":"https:\/\/archive.sana.sy\/es\/index.php?rest_route=%2Fwp%2Fv2%2Ftags&post=310507"}],"curies":[{"name":"wp","href":"https:\/\/api.w.org\/{rel}","templated":true}]}}