{"id":310513,"date":"2023-10-06T18:16:11","date_gmt":"2023-10-06T15:16:11","guid":{"rendered":"https:\/\/sana.sy\/es\/?p=310513"},"modified":"2023-10-06T18:19:55","modified_gmt":"2023-10-06T15:19:55","slug":"irak-expresa-sus-condolencias-a-victimas-del-atentado-terrorista-contra-academia-militar-en-siria","status":"publish","type":"post","link":"https:\/\/archive.sana.sy\/es\/?p=310513","title":{"rendered":"Irak expresa sus condolencias a v\u00edctimas del atentado terrorista contra academia militar en Siria"},"content":{"rendered":"<p style=\"text-align: justify;\"><span style=\"color: #800000;\"><strong>Bagdad, 06 oct (SANA)\u00a0<\/strong> <\/span>\u00a0Irak expres\u00f3 sus condolencias a las v\u00edctimas del ataque terrorista contra la ceremonia de graduaci\u00f3n de oficiales de la academia militar en la provincia siria Homs, y destac\u00f3 su condena a todas las formas de terrorismo.<\/p>\n<p style=\"text-align: justify;\">\u201cExpresamos nuestro m\u00e1s sentido p\u00e9same y solidaridad a Siria y a las familias de las v\u00edctimas, que murieron como resultado del ataque a la ceremonia de graduaci\u00f3n de los cadetes de la academia militar en Homs, y nuestros m\u00e1s sinceros deseos de una pronta recuperaci\u00f3n para los heridos\u201d, anunci\u00f3 el Ministerio de Asuntos Exteriores iraqu\u00ed mediante un comunicado.<\/p>\n<p style=\"text-align: justify;\">La Canciller\u00eda conden\u00f3 que Irak reitera su condena a todas las formas de violencia y terrorismo, y manifiesta su apoyo a la comunidad internacional para enfrentar sus amenazas.<\/p>\n<p style=\"text-align: justify;\">sm<\/p>\n","protected":false},"excerpt":{"rendered":"<p>Bagdad, 06 oct (SANA)\u00a0 \u00a0Irak expres\u00f3 sus condolencias a las v\u00edctimas del ataque terrorista contra la ceremonia de graduaci\u00f3n de oficiales de la academia militar en la provincia siria Homs, y destac\u00f3 su condena a todas las formas de terrorismo. \u201cExpresamos nuestro m\u00e1s sentido p\u00e9same y solidaridad a Siria y a las familias de las &hellip;<\/p>\n","protected":false},"author":39,"featured_media":310514,"comment_status":"closed","ping_status":"closed","sticky":false,"template":"","format":"standard","meta":{"footnotes":""},"categories":[597,20724,467,7541],"tags":[],"class_list":["post-310513","post","type-post","status-publish","format-standard","has-post-thumbnail","","category-cinta-de-noticias","category-minuto-a-minuto","category-siria-y-el-mundo","category-ultimas-noticias"],"_links":{"self":[{"href":"https:\/\/archive.sana.sy\/es\/index.php?rest_route=\/wp\/v2\/posts\/310513"}],"collection":[{"href":"https:\/\/archive.sana.sy\/es\/index.php?rest_route=\/wp\/v2\/posts"}],"about":[{"href":"https:\/\/archive.sana.sy\/es\/index.php?rest_route=\/wp\/v2\/types\/post"}],"author":[{"embeddable":true,"href":"https:\/\/archive.sana.sy\/es\/index.php?rest_route=\/wp\/v2\/users\/39"}],"replies":[{"embeddable":true,"href":"https:\/\/archive.sana.sy\/es\/index.php?rest_route=%2Fwp%2Fv2%2Fcomments&post=310513"}],"version-history":[{"count":3,"href":"https:\/\/archive.sana.sy\/es\/index.php?rest_route=\/wp\/v2\/posts\/310513\/revisions"}],"predecessor-version":[{"id":310517,"href":"https:\/\/archive.sana.sy\/es\/index.php?rest_route=\/wp\/v2\/posts\/310513\/revisions\/310517"}],"wp:featuredmedia":[{"embeddable":true,"href":"https:\/\/archive.sana.sy\/es\/index.php?rest_route=\/wp\/v2\/media\/310514"}],"wp:attachment":[{"href":"https:\/\/archive.sana.sy\/es\/index.php?rest_route=%2Fwp%2Fv2%2Fmedia&parent=310513"}],"wp:term":[{"taxonomy":"category","embeddable":true,"href":"https:\/\/archive.sana.sy\/es\/index.php?rest_route=%2Fwp%2Fv2%2Fcategories&post=310513"},{"taxonomy":"post_tag","embeddable":true,"href":"https:\/\/archive.sana.sy\/es\/index.php?rest_route=%2Fwp%2Fv2%2Ftags&post=310513"}],"curies":[{"name":"wp","href":"https:\/\/api.w.org\/{rel}","templated":true}]}}