{"id":310518,"date":"2023-10-06T19:10:16","date_gmt":"2023-10-06T16:10:16","guid":{"rendered":"http:\/\/sana.sy\/es\/?p=310518"},"modified":"2023-10-06T19:10:16","modified_gmt":"2023-10-06T16:10:16","slug":"liga-y-parlamento-arabes-condenan-ataque-terrorista-contra-academia-militar-en-siria","status":"publish","type":"post","link":"https:\/\/archive.sana.sy\/es\/?p=310518","title":{"rendered":"Liga y Parlamento \u00c1rabes condenan ataque terrorista contra Academia Militar en Siria"},"content":{"rendered":"<p style=\"text-align: justify;\"><span style=\"color: #800000;\"><strong>El Cairo, 6 oct (SANA)\u00a0<\/strong> <\/span>\u00a0La Liga de Estados \u00c1rabes conden\u00f3 hoy en\u00e9rgicamente el ataque terrorista contra la ceremonia de graduaci\u00f3n de cadetes de la academia militar en la ciudad de Homs, y subray\u00f3 la necesidad de eliminar el terrorismo en todas sus formas.<\/p>\n<p style=\"text-align: justify;\">La Secretar\u00eda General de la Liga conden\u00f3 por medio de una declaraci\u00f3n el ataque terrorista y lo tach\u00f3 de cobarde que viola flagrantemente la estabilidad de Siria.<\/p>\n<p style=\"text-align: justify;\">Expres\u00f3 su m\u00e1s sentido p\u00e9same y solidaridad a los familiares de las v\u00edctimas, y subray\u00f3 la necesidad de continuar los esfuerzos encaminados a eliminar el terrorismo en todas sus formas.<\/p>\n<p style=\"text-align: justify;\"><span style=\"color: #0000ff;\"><strong>Uni\u00f3n Parlamentaria \u00c1rabe condena el ataque terrorista<\/strong><\/span><\/p>\n<p style=\"text-align: justify;\">La Uni\u00f3n Parlamentaria \u00c1rabe denunci\u00f3 hoy el traicionero y cobarde ataque terrorista que tuvo como objetivo la ceremonia de graduaci\u00f3n de oficiales del colegio militar en Homs, y ratific\u00f3 su apoyo a Siria.<\/p>\n<p style=\"text-align: justify;\">El Secretario General de la Uni\u00f3n, Fayez Al-Shawabkeh, expres\u00f3 en un mensaje dirigido al presidente de la Asamblea del Pueblo de Siria, Hammouda Sabbagh, su m\u00e1s sentido p\u00e9same y su sincera y emotiva simpat\u00eda hacia el pueblo sirio.<\/p>\n<p style=\"text-align: justify;\">Al-Shawabkeh reiter\u00f3 la firme posici\u00f3n solidaria de la Uni\u00f3n Parlamentaria \u00c1rabe y su apoyo a la hermana Siria en su dolorosa aflicci\u00f3n, y elogi\u00f3 los tremendos esfuerzos realizados por el Ej\u00e9rcito \u00c1rabe Sirio para defender las fronteras de la patria y establecer la estabilidad en todo el pa\u00eds.<\/p>\n<p style=\"text-align: justify;\">fm\/rr<\/p>\n","protected":false},"excerpt":{"rendered":"<p>El Cairo, 6 oct (SANA)\u00a0 \u00a0La Liga de Estados \u00c1rabes conden\u00f3 hoy en\u00e9rgicamente el ataque terrorista contra la ceremonia de graduaci\u00f3n de cadetes de la academia militar en la ciudad de Homs, y subray\u00f3 la necesidad de eliminar el terrorismo en todas sus formas. La Secretar\u00eda General de la Liga conden\u00f3 por medio de una &hellip;<\/p>\n","protected":false},"author":31,"featured_media":310519,"comment_status":"closed","ping_status":"closed","sticky":false,"template":"","format":"standard","meta":{"footnotes":""},"categories":[597,467,7541],"tags":[19673,8602,1519,22027,6553],"class_list":["post-310518","post","type-post","status-publish","format-standard","has-post-thumbnail","","category-cinta-de-noticias","category-siria-y-el-mundo","category-ultimas-noticias","tag-academia-militar","tag-ataque","tag-homs","tag-liga-arabe","tag-siria"],"_links":{"self":[{"href":"https:\/\/archive.sana.sy\/es\/index.php?rest_route=\/wp\/v2\/posts\/310518"}],"collection":[{"href":"https:\/\/archive.sana.sy\/es\/index.php?rest_route=\/wp\/v2\/posts"}],"about":[{"href":"https:\/\/archive.sana.sy\/es\/index.php?rest_route=\/wp\/v2\/types\/post"}],"author":[{"embeddable":true,"href":"https:\/\/archive.sana.sy\/es\/index.php?rest_route=\/wp\/v2\/users\/31"}],"replies":[{"embeddable":true,"href":"https:\/\/archive.sana.sy\/es\/index.php?rest_route=%2Fwp%2Fv2%2Fcomments&post=310518"}],"version-history":[{"count":1,"href":"https:\/\/archive.sana.sy\/es\/index.php?rest_route=\/wp\/v2\/posts\/310518\/revisions"}],"predecessor-version":[{"id":310520,"href":"https:\/\/archive.sana.sy\/es\/index.php?rest_route=\/wp\/v2\/posts\/310518\/revisions\/310520"}],"wp:featuredmedia":[{"embeddable":true,"href":"https:\/\/archive.sana.sy\/es\/index.php?rest_route=\/wp\/v2\/media\/310519"}],"wp:attachment":[{"href":"https:\/\/archive.sana.sy\/es\/index.php?rest_route=%2Fwp%2Fv2%2Fmedia&parent=310518"}],"wp:term":[{"taxonomy":"category","embeddable":true,"href":"https:\/\/archive.sana.sy\/es\/index.php?rest_route=%2Fwp%2Fv2%2Fcategories&post=310518"},{"taxonomy":"post_tag","embeddable":true,"href":"https:\/\/archive.sana.sy\/es\/index.php?rest_route=%2Fwp%2Fv2%2Ftags&post=310518"}],"curies":[{"name":"wp","href":"https:\/\/api.w.org\/{rel}","templated":true}]}}