{"id":310521,"date":"2023-10-06T20:46:12","date_gmt":"2023-10-06T17:46:12","guid":{"rendered":"http:\/\/sana.sy\/es\/?p=310521"},"modified":"2023-10-06T20:48:50","modified_gmt":"2023-10-06T17:48:50","slug":"ataque-terrorista-con-proyectiles-en-hama-causa-lesiones-a-dos-civiles","status":"publish","type":"post","link":"https:\/\/archive.sana.sy\/es\/?p=310521","title":{"rendered":"Ataque terrorista con proyectiles en Hama causa lesiones a dos civiles"},"content":{"rendered":"<p style=\"text-align: justify;\"><span style=\"color: #800000;\"><strong>Hama, 06 oct (SANA)\u00a0<\/strong> <\/span>\u00a0Dos civiles resultaron heridos hoy como resultado de los ataques de organizaciones terroristas contra la localidad de Jurin, al noroeste de la provincia de Hama.<\/p>\n<p style=\"text-align: justify;\">Una fuente policial comunic\u00f3 al corresponsal de SANA que las organizaciones terroristas lanzaron desde la provincia septentrional de Idlib varios proyectiles contra zonas seguras en el campo de Hama, provocando lesiones a dos civiles.<\/p>\n<p style=\"text-align: justify;\">Las organizaciones terroristas han intensificado durante las \u00faltimas horas sus ataques con cohetes y drones contra varias localidades en el campo norte y noroeste de Hama, lo que caus\u00f3 da\u00f1os materiales en las propiedades p\u00fablicas y de los habitantes.<\/p>\n<p style=\"text-align: justify;\">rr\/fm<\/p>\n","protected":false},"excerpt":{"rendered":"<p>Hama, 06 oct (SANA)\u00a0 \u00a0Dos civiles resultaron heridos hoy como resultado de los ataques de organizaciones terroristas contra la localidad de Jurin, al noroeste de la provincia de Hama. Una fuente policial comunic\u00f3 al corresponsal de SANA que las organizaciones terroristas lanzaron desde la provincia septentrional de Idlib varios proyectiles contra zonas seguras en el &hellip;<\/p>\n","protected":false},"author":31,"featured_media":310522,"comment_status":"closed","ping_status":"closed","sticky":false,"template":"","format":"standard","meta":{"footnotes":""},"categories":[477,597,573,476],"tags":[8602,2826,6553],"class_list":["post-310521","post","type-post","status-publish","format-standard","has-post-thumbnail","","category-noticias-edulcorantes","category-cinta-de-noticias","category-la-realidad-de-los-acontecimientos-en-siria","category-locales","tag-ataque","tag-hama","tag-siria"],"_links":{"self":[{"href":"https:\/\/archive.sana.sy\/es\/index.php?rest_route=\/wp\/v2\/posts\/310521"}],"collection":[{"href":"https:\/\/archive.sana.sy\/es\/index.php?rest_route=\/wp\/v2\/posts"}],"about":[{"href":"https:\/\/archive.sana.sy\/es\/index.php?rest_route=\/wp\/v2\/types\/post"}],"author":[{"embeddable":true,"href":"https:\/\/archive.sana.sy\/es\/index.php?rest_route=\/wp\/v2\/users\/31"}],"replies":[{"embeddable":true,"href":"https:\/\/archive.sana.sy\/es\/index.php?rest_route=%2Fwp%2Fv2%2Fcomments&post=310521"}],"version-history":[{"count":1,"href":"https:\/\/archive.sana.sy\/es\/index.php?rest_route=\/wp\/v2\/posts\/310521\/revisions"}],"predecessor-version":[{"id":310526,"href":"https:\/\/archive.sana.sy\/es\/index.php?rest_route=\/wp\/v2\/posts\/310521\/revisions\/310526"}],"wp:featuredmedia":[{"embeddable":true,"href":"https:\/\/archive.sana.sy\/es\/index.php?rest_route=\/wp\/v2\/media\/310522"}],"wp:attachment":[{"href":"https:\/\/archive.sana.sy\/es\/index.php?rest_route=%2Fwp%2Fv2%2Fmedia&parent=310521"}],"wp:term":[{"taxonomy":"category","embeddable":true,"href":"https:\/\/archive.sana.sy\/es\/index.php?rest_route=%2Fwp%2Fv2%2Fcategories&post=310521"},{"taxonomy":"post_tag","embeddable":true,"href":"https:\/\/archive.sana.sy\/es\/index.php?rest_route=%2Fwp%2Fv2%2Ftags&post=310521"}],"curies":[{"name":"wp","href":"https:\/\/api.w.org\/{rel}","templated":true}]}}