{"id":310545,"date":"2023-10-07T11:01:01","date_gmt":"2023-10-07T08:01:01","guid":{"rendered":"http:\/\/sana.sy\/es\/?p=310545"},"modified":"2023-10-07T11:01:01","modified_gmt":"2023-10-07T08:01:01","slug":"partido-comunista-eslovaco-condena-ataque-terrorista-contra-academia-militar-de-homs","status":"publish","type":"post","link":"https:\/\/archive.sana.sy\/es\/?p=310545","title":{"rendered":"Partido Comunista eslovaco condena ataque terrorista contra Academia Militar de Homs"},"content":{"rendered":"<p style=\"text-align: justify;\"><span style=\"color: #800000;\"><strong>Bratislava, 07 oct (SANA)<\/strong><\/span> El Partido Comunista Eslovaco conden\u00f3 el ataque terrorista que tuvo como objetivo la ceremonia de graduaci\u00f3n de cadetes en la Academia Militar de Homs.<\/p>\n<p style=\"text-align: justify;\">El l\u00edder del Partido Comunista Eslovaco, Joseph Hrdli\u010dka, dijo en una declaraci\u00f3n a nuestra agencia: \u201cSentimos tristeza y pesar por este ataque cobarde y brutal, y ratificamos nuestra solidaridad y apoyo al pueblo sirio y a las familias de las v\u00edctimas y heridos\u201d.<\/p>\n<p style=\"text-align: justify;\">El pol\u00edtico eslovaco enfatiz\u00f3 la necesidad de llevar a los perpetradores de este crimen ante la justicia y descubrir qui\u00e9nes est\u00e1n detr\u00e1s de \u00e9l.<\/p>\n<p style=\"text-align: justify;\">Asimismo, hizo un llamado a la comunidad internacional a estar alerta y tomar precauciones, unificando su posici\u00f3n y esfuerzos para enfrentar el terrorismo en todas sus formas, trat\u00e1ndolo como la amenaza m\u00e1s grave que actualmente y en el futuro enfrenta la humanidad.<\/p>\n<p style=\"text-align: justify;\">\u201cLas instituciones y organizaciones internacionales, encabezadas por el Consejo de Seguridad, tienen hist\u00f3rica responsabilidad de condenar y revelar y responsabilizar a quienes respaldan a estas organizaciones terroristas en relaci\u00f3n con este ataque criminal\u201d, concluy\u00f3.<\/p>\n<p style=\"text-align: justify;\"><em><strong>ah\/fm<\/strong><\/em><\/p>\n","protected":false},"excerpt":{"rendered":"<p>Bratislava, 07 oct (SANA) El Partido Comunista Eslovaco conden\u00f3 el ataque terrorista que tuvo como objetivo la ceremonia de graduaci\u00f3n de cadetes en la Academia Militar de Homs. El l\u00edder del Partido Comunista Eslovaco, Joseph Hrdli\u010dka, dijo en una declaraci\u00f3n a nuestra agencia: \u201cSentimos tristeza y pesar por este ataque cobarde y brutal, y ratificamos &hellip;<\/p>\n","protected":false},"author":30,"featured_media":310546,"comment_status":"closed","ping_status":"closed","sticky":false,"template":"","format":"standard","meta":{"footnotes":""},"categories":[597,20724,467],"tags":[],"class_list":["post-310545","post","type-post","status-publish","format-standard","has-post-thumbnail","","category-cinta-de-noticias","category-minuto-a-minuto","category-siria-y-el-mundo"],"_links":{"self":[{"href":"https:\/\/archive.sana.sy\/es\/index.php?rest_route=\/wp\/v2\/posts\/310545"}],"collection":[{"href":"https:\/\/archive.sana.sy\/es\/index.php?rest_route=\/wp\/v2\/posts"}],"about":[{"href":"https:\/\/archive.sana.sy\/es\/index.php?rest_route=\/wp\/v2\/types\/post"}],"author":[{"embeddable":true,"href":"https:\/\/archive.sana.sy\/es\/index.php?rest_route=\/wp\/v2\/users\/30"}],"replies":[{"embeddable":true,"href":"https:\/\/archive.sana.sy\/es\/index.php?rest_route=%2Fwp%2Fv2%2Fcomments&post=310545"}],"version-history":[{"count":1,"href":"https:\/\/archive.sana.sy\/es\/index.php?rest_route=\/wp\/v2\/posts\/310545\/revisions"}],"predecessor-version":[{"id":310547,"href":"https:\/\/archive.sana.sy\/es\/index.php?rest_route=\/wp\/v2\/posts\/310545\/revisions\/310547"}],"wp:featuredmedia":[{"embeddable":true,"href":"https:\/\/archive.sana.sy\/es\/index.php?rest_route=\/wp\/v2\/media\/310546"}],"wp:attachment":[{"href":"https:\/\/archive.sana.sy\/es\/index.php?rest_route=%2Fwp%2Fv2%2Fmedia&parent=310545"}],"wp:term":[{"taxonomy":"category","embeddable":true,"href":"https:\/\/archive.sana.sy\/es\/index.php?rest_route=%2Fwp%2Fv2%2Fcategories&post=310545"},{"taxonomy":"post_tag","embeddable":true,"href":"https:\/\/archive.sana.sy\/es\/index.php?rest_route=%2Fwp%2Fv2%2Ftags&post=310545"}],"curies":[{"name":"wp","href":"https:\/\/api.w.org\/{rel}","templated":true}]}}