{"id":310553,"date":"2023-10-07T12:41:16","date_gmt":"2023-10-07T09:41:16","guid":{"rendered":"http:\/\/sana.sy\/es\/?p=310553"},"modified":"2023-10-07T12:41:16","modified_gmt":"2023-10-07T09:41:16","slug":"bahrein-expresa-sus-condolencias-a-siria-por-victimas-del-ataque-terrorista-contra-la-academia-militar","status":"publish","type":"post","link":"https:\/\/archive.sana.sy\/es\/?p=310553","title":{"rendered":"Bahr\u00e9in expresa sus condolencias a Siria por v\u00edctimas del ataque terrorista contra la Academia Militar"},"content":{"rendered":"<blockquote>\n<p style=\"text-align: justify;\"><span style=\"color: #ff6600;\"><strong>Asimismo, reiter\u00f3 la firme posici\u00f3n de Bahr\u00e9in en la condena de la violencia, el extremismo y el terrorismo en todas sus formas y manifestaciones.<\/strong><\/span><\/p>\n<\/blockquote>\n<p style=\"text-align: justify;\"><span style=\"color: #800000;\"><strong>Manama, 07 oct (SANA)<\/strong> <\/span>El Reino de Bahr\u00e9in conden\u00f3 en\u00e9rgicamente el ataque terrorista que tuvo como objetivo la ceremonia de graduaci\u00f3n de cadetes en la Academia Militar de Homs.<\/p>\n<p style=\"text-align: justify;\">Seg\u00fan la agencia bahrein\u00ed de noticias BNA, el Ministerio de Relaciones Exteriores de Bahr\u00e9in expres\u00f3 en un comunicado su m\u00e1s sincero p\u00e9same y solidaridad con las familias de las v\u00edctimas, el gobierno de la Rep\u00fablica \u00c1rabe Siria y su pueblo hermano, debido a este acto vil que va en contra de todos los principios y valores \u00e9ticos, religiosos y humanos.<\/p>\n<p style=\"text-align: justify;\">En su comunicado, la Canciller\u00eda dese\u00f3 una pronta recuperaci\u00f3n para todos los heridos.<\/p>\n<p style=\"text-align: justify;\">Asimismo, reiter\u00f3 la firme posici\u00f3n de Bahr\u00e9in en la condena de la violencia, el extremismo y el terrorismo en todas sus formas y manifestaciones.<\/p>\n<p style=\"text-align: justify;\"><em><strong>ah\/fm<\/strong><\/em><\/p>\n","protected":false},"excerpt":{"rendered":"<p>Asimismo, reiter\u00f3 la firme posici\u00f3n de Bahr\u00e9in en la condena de la violencia, el extremismo y el terrorismo en todas sus formas y manifestaciones. Manama, 07 oct (SANA) El Reino de Bahr\u00e9in conden\u00f3 en\u00e9rgicamente el ataque terrorista que tuvo como objetivo la ceremonia de graduaci\u00f3n de cadetes en la Academia Militar de Homs. Seg\u00fan la &hellip;<\/p>\n","protected":false},"author":30,"featured_media":310554,"comment_status":"closed","ping_status":"closed","sticky":false,"template":"","format":"standard","meta":{"footnotes":""},"categories":[597,20724,467,7541],"tags":[],"class_list":["post-310553","post","type-post","status-publish","format-standard","has-post-thumbnail","","category-cinta-de-noticias","category-minuto-a-minuto","category-siria-y-el-mundo","category-ultimas-noticias"],"_links":{"self":[{"href":"https:\/\/archive.sana.sy\/es\/index.php?rest_route=\/wp\/v2\/posts\/310553"}],"collection":[{"href":"https:\/\/archive.sana.sy\/es\/index.php?rest_route=\/wp\/v2\/posts"}],"about":[{"href":"https:\/\/archive.sana.sy\/es\/index.php?rest_route=\/wp\/v2\/types\/post"}],"author":[{"embeddable":true,"href":"https:\/\/archive.sana.sy\/es\/index.php?rest_route=\/wp\/v2\/users\/30"}],"replies":[{"embeddable":true,"href":"https:\/\/archive.sana.sy\/es\/index.php?rest_route=%2Fwp%2Fv2%2Fcomments&post=310553"}],"version-history":[{"count":1,"href":"https:\/\/archive.sana.sy\/es\/index.php?rest_route=\/wp\/v2\/posts\/310553\/revisions"}],"predecessor-version":[{"id":310555,"href":"https:\/\/archive.sana.sy\/es\/index.php?rest_route=\/wp\/v2\/posts\/310553\/revisions\/310555"}],"wp:featuredmedia":[{"embeddable":true,"href":"https:\/\/archive.sana.sy\/es\/index.php?rest_route=\/wp\/v2\/media\/310554"}],"wp:attachment":[{"href":"https:\/\/archive.sana.sy\/es\/index.php?rest_route=%2Fwp%2Fv2%2Fmedia&parent=310553"}],"wp:term":[{"taxonomy":"category","embeddable":true,"href":"https:\/\/archive.sana.sy\/es\/index.php?rest_route=%2Fwp%2Fv2%2Fcategories&post=310553"},{"taxonomy":"post_tag","embeddable":true,"href":"https:\/\/archive.sana.sy\/es\/index.php?rest_route=%2Fwp%2Fv2%2Ftags&post=310553"}],"curies":[{"name":"wp","href":"https:\/\/api.w.org\/{rel}","templated":true}]}}