{"id":310556,"date":"2023-10-07T12:10:55","date_gmt":"2023-10-07T09:10:55","guid":{"rendered":"http:\/\/sana.sy\/es\/?p=310556"},"modified":"2023-10-07T12:44:05","modified_gmt":"2023-10-07T09:44:05","slug":"velatorio-en-ciudad-iraqui-de-basora-por-victimas-del-ataque-terrorista-contra-la-academia-militar-de-homs","status":"publish","type":"post","link":"https:\/\/archive.sana.sy\/es\/?p=310556","title":{"rendered":"Velatorio en ciudad iraqu\u00ed de Basora por v\u00edctimas del ataque terrorista contra la Academia Militar de Homs"},"content":{"rendered":"<p style=\"text-align: justify;\"><span style=\"color: #800000;\"><strong>Bagdad, 07 oct (SANA)<\/strong> <\/span>La Campa\u00f1a Popular Internacional para Romper el Asedio Impuesto a Siria, en colaboraci\u00f3n con la Asociaci\u00f3n de Periodistas del Sur en la ciudad de Basora, Irak, anunciaron la organizaci\u00f3n de un velatorio de condolencia en memoria de los m\u00e1rtires del ataque terrorista que tuvo como blanco la Academia Militar de Homs.<\/p>\n<p style=\"text-align: justify;\">En el velatorio participan representantes y miembros del Comit\u00e9 Superior de las Tribus de Basora. Adem\u00e1s, los miembros de la campa\u00f1a realizar\u00e1n manifestaciones en solidaridad con Siria y las familias de las v\u00edctimas, y en condena a este vil acto criminal.<\/p>\n<p style=\"text-align: justify;\">Seg\u00fan un comunicado emitido por el presidente de la Asociaci\u00f3n y l\u00edderes tribales de Basora, as\u00ed como la Fundaci\u00f3n Basora Al-Fayhaa y diversas figuras pol\u00edticas, sociales y religiosas de renombre, las actividades de solidaridad y el velatorio de condolencia comenzar\u00e1n m\u00e1s esta tarde y concluir\u00e1n a las 8:00 p. m. hora local de Irak.<\/p>\n<p style=\"text-align: justify;\"><em><strong>ah\/fm<\/strong><\/em><\/p>\n","protected":false},"excerpt":{"rendered":"<p>Bagdad, 07 oct (SANA) La Campa\u00f1a Popular Internacional para Romper el Asedio Impuesto a Siria, en colaboraci\u00f3n con la Asociaci\u00f3n de Periodistas del Sur en la ciudad de Basora, Irak, anunciaron la organizaci\u00f3n de un velatorio de condolencia en memoria de los m\u00e1rtires del ataque terrorista que tuvo como blanco la Academia Militar de Homs. &hellip;<\/p>\n","protected":false},"author":30,"featured_media":310557,"comment_status":"closed","ping_status":"closed","sticky":false,"template":"","format":"standard","meta":{"footnotes":""},"categories":[597,20724,467,7541],"tags":[],"class_list":["post-310556","post","type-post","status-publish","format-standard","has-post-thumbnail","","category-cinta-de-noticias","category-minuto-a-minuto","category-siria-y-el-mundo","category-ultimas-noticias"],"_links":{"self":[{"href":"https:\/\/archive.sana.sy\/es\/index.php?rest_route=\/wp\/v2\/posts\/310556"}],"collection":[{"href":"https:\/\/archive.sana.sy\/es\/index.php?rest_route=\/wp\/v2\/posts"}],"about":[{"href":"https:\/\/archive.sana.sy\/es\/index.php?rest_route=\/wp\/v2\/types\/post"}],"author":[{"embeddable":true,"href":"https:\/\/archive.sana.sy\/es\/index.php?rest_route=\/wp\/v2\/users\/30"}],"replies":[{"embeddable":true,"href":"https:\/\/archive.sana.sy\/es\/index.php?rest_route=%2Fwp%2Fv2%2Fcomments&post=310556"}],"version-history":[{"count":1,"href":"https:\/\/archive.sana.sy\/es\/index.php?rest_route=\/wp\/v2\/posts\/310556\/revisions"}],"predecessor-version":[{"id":310558,"href":"https:\/\/archive.sana.sy\/es\/index.php?rest_route=\/wp\/v2\/posts\/310556\/revisions\/310558"}],"wp:featuredmedia":[{"embeddable":true,"href":"https:\/\/archive.sana.sy\/es\/index.php?rest_route=\/wp\/v2\/media\/310557"}],"wp:attachment":[{"href":"https:\/\/archive.sana.sy\/es\/index.php?rest_route=%2Fwp%2Fv2%2Fmedia&parent=310556"}],"wp:term":[{"taxonomy":"category","embeddable":true,"href":"https:\/\/archive.sana.sy\/es\/index.php?rest_route=%2Fwp%2Fv2%2Fcategories&post=310556"},{"taxonomy":"post_tag","embeddable":true,"href":"https:\/\/archive.sana.sy\/es\/index.php?rest_route=%2Fwp%2Fv2%2Ftags&post=310556"}],"curies":[{"name":"wp","href":"https:\/\/api.w.org\/{rel}","templated":true}]}}