{"id":310559,"date":"2023-10-07T15:11:14","date_gmt":"2023-10-07T12:11:14","guid":{"rendered":"http:\/\/sana.sy\/es\/?p=310559"},"modified":"2023-10-07T15:11:14","modified_gmt":"2023-10-07T12:11:14","slug":"las-autoridades-israelies-reconocen-que-22-soldados-y-colonos-murieron-mas-de-600-resultaron-heridos-y-35-fueron-capturados-en-la-operacion-inundacion-de-al-aqsa-lanzada-por-la-resi","status":"publish","type":"post","link":"https:\/\/archive.sana.sy\/es\/?p=310559","title":{"rendered":"Las autoridades israel\u00edes reconocen que 22 soldados y colonos murieron, m\u00e1s de 600 resultaron heridos y 35 fueron capturados en la operaci\u00f3n \u201cInundaci\u00f3n de Al-Aqsa\u201d lanzada por la resistencia palestina desde la Franja de Gaza"},"content":{"rendered":"","protected":false},"excerpt":{"rendered":"","protected":false},"author":42,"featured_media":0,"comment_status":"closed","ping_status":"closed","sticky":false,"template":"","format":"standard","meta":{"footnotes":""},"categories":[20724,596],"tags":[],"class_list":["post-310559","post","type-post","status-publish","format-standard","","category-minuto-a-minuto","category-urgente"],"_links":{"self":[{"href":"https:\/\/archive.sana.sy\/es\/index.php?rest_route=\/wp\/v2\/posts\/310559"}],"collection":[{"href":"https:\/\/archive.sana.sy\/es\/index.php?rest_route=\/wp\/v2\/posts"}],"about":[{"href":"https:\/\/archive.sana.sy\/es\/index.php?rest_route=\/wp\/v2\/types\/post"}],"author":[{"embeddable":true,"href":"https:\/\/archive.sana.sy\/es\/index.php?rest_route=\/wp\/v2\/users\/42"}],"replies":[{"embeddable":true,"href":"https:\/\/archive.sana.sy\/es\/index.php?rest_route=%2Fwp%2Fv2%2Fcomments&post=310559"}],"version-history":[{"count":1,"href":"https:\/\/archive.sana.sy\/es\/index.php?rest_route=\/wp\/v2\/posts\/310559\/revisions"}],"predecessor-version":[{"id":310560,"href":"https:\/\/archive.sana.sy\/es\/index.php?rest_route=\/wp\/v2\/posts\/310559\/revisions\/310560"}],"wp:attachment":[{"href":"https:\/\/archive.sana.sy\/es\/index.php?rest_route=%2Fwp%2Fv2%2Fmedia&parent=310559"}],"wp:term":[{"taxonomy":"category","embeddable":true,"href":"https:\/\/archive.sana.sy\/es\/index.php?rest_route=%2Fwp%2Fv2%2Fcategories&post=310559"},{"taxonomy":"post_tag","embeddable":true,"href":"https:\/\/archive.sana.sy\/es\/index.php?rest_route=%2Fwp%2Fv2%2Ftags&post=310559"}],"curies":[{"name":"wp","href":"https:\/\/api.w.org\/{rel}","templated":true}]}}