{"id":310563,"date":"2023-10-07T15:37:08","date_gmt":"2023-10-07T12:37:08","guid":{"rendered":"https:\/\/sana.sy\/es\/?p=310563"},"modified":"2023-10-07T15:37:08","modified_gmt":"2023-10-07T12:37:08","slug":"%e2%9a%a1%ef%b8%8f-confirman-la-captura-del-comandante-de-la-division-de-gaza-del-ejercito-de-ocupacion-israeli-el-general-nimrod-aloni-el-oficial-esta-en-manos-de-las-fuerzas-de-la-resistencia-en","status":"publish","type":"post","link":"https:\/\/archive.sana.sy\/es\/?p=310563","title":{"rendered":"\u26a1\ufe0f Confirman la captura del comandante de la Divisi\u00f3n de Gaza del ej\u00e9rcito de ocupaci\u00f3n israel\u00ed, el general Nimrod Aloni.. el oficial est\u00e1 en manos de las fuerzas de la resistencia en Gaza"},"content":{"rendered":"","protected":false},"excerpt":{"rendered":"","protected":false},"author":32,"featured_media":0,"comment_status":"closed","ping_status":"closed","sticky":false,"template":"","format":"standard","meta":{"footnotes":""},"categories":[20724,596],"tags":[],"class_list":["post-310563","post","type-post","status-publish","format-standard","","category-minuto-a-minuto","category-urgente"],"_links":{"self":[{"href":"https:\/\/archive.sana.sy\/es\/index.php?rest_route=\/wp\/v2\/posts\/310563"}],"collection":[{"href":"https:\/\/archive.sana.sy\/es\/index.php?rest_route=\/wp\/v2\/posts"}],"about":[{"href":"https:\/\/archive.sana.sy\/es\/index.php?rest_route=\/wp\/v2\/types\/post"}],"author":[{"embeddable":true,"href":"https:\/\/archive.sana.sy\/es\/index.php?rest_route=\/wp\/v2\/users\/32"}],"replies":[{"embeddable":true,"href":"https:\/\/archive.sana.sy\/es\/index.php?rest_route=%2Fwp%2Fv2%2Fcomments&post=310563"}],"version-history":[{"count":1,"href":"https:\/\/archive.sana.sy\/es\/index.php?rest_route=\/wp\/v2\/posts\/310563\/revisions"}],"predecessor-version":[{"id":310564,"href":"https:\/\/archive.sana.sy\/es\/index.php?rest_route=\/wp\/v2\/posts\/310563\/revisions\/310564"}],"wp:attachment":[{"href":"https:\/\/archive.sana.sy\/es\/index.php?rest_route=%2Fwp%2Fv2%2Fmedia&parent=310563"}],"wp:term":[{"taxonomy":"category","embeddable":true,"href":"https:\/\/archive.sana.sy\/es\/index.php?rest_route=%2Fwp%2Fv2%2Fcategories&post=310563"},{"taxonomy":"post_tag","embeddable":true,"href":"https:\/\/archive.sana.sy\/es\/index.php?rest_route=%2Fwp%2Fv2%2Ftags&post=310563"}],"curies":[{"name":"wp","href":"https:\/\/api.w.org\/{rel}","templated":true}]}}