{"id":310611,"date":"2023-10-07T19:18:34","date_gmt":"2023-10-07T16:18:34","guid":{"rendered":"https:\/\/sana.sy\/es\/?p=310611"},"modified":"2023-10-07T20:02:05","modified_gmt":"2023-10-07T17:02:05","slug":"lavrov-envia-mensaje-a-al-mekdad-en-el-condena-el-ataque-terrorista-contra-academia-militar","status":"publish","type":"post","link":"https:\/\/archive.sana.sy\/es\/?p=310611","title":{"rendered":"Lavrov env\u00eda mensaje a Al-Mekdad en el condena el ataque terrorista contra Academia Militar"},"content":{"rendered":"<p style=\"text-align: justify;\"><span style=\"color: #800000;\"><strong>Mosc\u00fa, 7 oct (SANA)<\/strong><\/span> El ministro de Asuntos Exteriores ruso, Sergei Lavrov, conden\u00f3 hoy el ataque terrorista ocurrido el jueves \u00faltimo contra la ceremonia de graduaci\u00f3n de cadetes de la academia militar en la provincia central siria de Homs.<\/p>\n<p style=\"text-align: justify;\">En un mensaje dirigido a su hom\u00f3logo sirio Faisal Al-Mekdad, el jefe de la diplomacia rusa dijo: \u201cSent\u00ed profunda tristeza cuando me enter\u00e9 de las tr\u00e1gicas repercusiones del ataque terrorista contra el Colegio Militar\u201d.<\/p>\n<p style=\"text-align: justify;\">Conden\u00f3 en\u00e9rgicamente el atentado y lo tach\u00f3 de crimen inhumano, y manifest\u00f3 sus m\u00e1s sinceras condolencias y solidaridad a las familias de los m\u00e1rtires, y pronta recuperaci\u00f3n a los heridos.<\/p>\n<p style=\"text-align: justify;\">fm\/as<\/p>\n","protected":false},"excerpt":{"rendered":"<p>Mosc\u00fa, 7 oct (SANA) El ministro de Asuntos Exteriores ruso, Sergei Lavrov, conden\u00f3 hoy el ataque terrorista ocurrido el jueves \u00faltimo contra la ceremonia de graduaci\u00f3n de cadetes de la academia militar en la provincia central siria de Homs. En un mensaje dirigido a su hom\u00f3logo sirio Faisal Al-Mekdad, el jefe de la diplomacia rusa &hellip;<\/p>\n","protected":false},"author":42,"featured_media":310625,"comment_status":"closed","ping_status":"closed","sticky":false,"template":"","format":"standard","meta":{"footnotes":""},"categories":[597,20724,467,583],"tags":[],"class_list":["post-310611","post","type-post","status-publish","format-standard","has-post-thumbnail","","category-cinta-de-noticias","category-minuto-a-minuto","category-siria-y-el-mundo","category-slide"],"_links":{"self":[{"href":"https:\/\/archive.sana.sy\/es\/index.php?rest_route=\/wp\/v2\/posts\/310611"}],"collection":[{"href":"https:\/\/archive.sana.sy\/es\/index.php?rest_route=\/wp\/v2\/posts"}],"about":[{"href":"https:\/\/archive.sana.sy\/es\/index.php?rest_route=\/wp\/v2\/types\/post"}],"author":[{"embeddable":true,"href":"https:\/\/archive.sana.sy\/es\/index.php?rest_route=\/wp\/v2\/users\/42"}],"replies":[{"embeddable":true,"href":"https:\/\/archive.sana.sy\/es\/index.php?rest_route=%2Fwp%2Fv2%2Fcomments&post=310611"}],"version-history":[{"count":1,"href":"https:\/\/archive.sana.sy\/es\/index.php?rest_route=\/wp\/v2\/posts\/310611\/revisions"}],"predecessor-version":[{"id":310613,"href":"https:\/\/archive.sana.sy\/es\/index.php?rest_route=\/wp\/v2\/posts\/310611\/revisions\/310613"}],"wp:featuredmedia":[{"embeddable":true,"href":"https:\/\/archive.sana.sy\/es\/index.php?rest_route=\/wp\/v2\/media\/310625"}],"wp:attachment":[{"href":"https:\/\/archive.sana.sy\/es\/index.php?rest_route=%2Fwp%2Fv2%2Fmedia&parent=310611"}],"wp:term":[{"taxonomy":"category","embeddable":true,"href":"https:\/\/archive.sana.sy\/es\/index.php?rest_route=%2Fwp%2Fv2%2Fcategories&post=310611"},{"taxonomy":"post_tag","embeddable":true,"href":"https:\/\/archive.sana.sy\/es\/index.php?rest_route=%2Fwp%2Fv2%2Ftags&post=310611"}],"curies":[{"name":"wp","href":"https:\/\/api.w.org\/{rel}","templated":true}]}}