{"id":310614,"date":"2023-10-07T19:45:40","date_gmt":"2023-10-07T16:45:40","guid":{"rendered":"https:\/\/sana.sy\/es\/?p=310614"},"modified":"2023-10-07T19:45:40","modified_gmt":"2023-10-07T16:45:40","slug":"palestina-solicita-reunion-del-consejo-de-seguridad-para-debatir-la-agresion-israeli-contra-gaza","status":"publish","type":"post","link":"https:\/\/archive.sana.sy\/es\/?p=310614","title":{"rendered":"Palestina solicita reuni\u00f3n del Consejo de Seguridad para debatir la agresi\u00f3n israel\u00ed contra Gaza"},"content":{"rendered":"<blockquote>\n<p style=\"text-align: justify;\"><span style=\"color: #993300;\">\u201cExiste el temor de que el ocupante israel\u00ed lance ma\u00f1ana una gran ofensiva contra la Franja de Gaza y Cisjordania, y ahora es el momento apropiado para &#8220;que las Naciones Unidas convoque una reuni\u00f3n extraordinaria del Consejo de Seguridad y tomen medidas para detener lo que est\u00e1 sucediendo&#8221;, dijo el embajador palestino en Mosc\u00fa, Abdel Hafeez Nofal, citado por la agencia de noticias rusa TASS.<\/span><\/p>\n<\/blockquote>\n<p style=\"text-align: justify;\"><span style=\"color: #800000;\"><strong>Mosc\u00fa, 7 oct (SANA)<\/strong> <\/span>El Estado de Palestina anunci\u00f3 su intenci\u00f3n de presentar una solicitud para celebrar una reuni\u00f3n del Consejo de Seguridad de la ONU para abordar la agresi\u00f3n israel\u00ed contra la Franja de Gaza, que provoc\u00f3 la muerte de 198 palestinos y la destrucci\u00f3n masiva de propiedades y hogares.<\/p>\n<p style=\"text-align: justify;\">\u201cExiste el temor de que el ocupante israel\u00ed lance ma\u00f1ana una gran ofensiva contra la Franja de Gaza y Cisjordania, y ahora es el momento apropiado para &#8220;que las Naciones Unidas convoque una reuni\u00f3n extraordinaria del Consejo de Seguridad y tomen medidas para detener lo que est\u00e1 sucediendo&#8221;, dijo el embajador palestino en Mosc\u00fa, Abdel Hafeez Nofal, citado por la agencia de noticias rusa TASS.<\/p>\n<p style=\"text-align: justify;\">El Ministerio de Salud palestino anunci\u00f3 la muerte de 198 palestinos mientras 1.610 resultaron heridos por la agresi\u00f3n israel\u00ed en curso contra la Franja de Gaza, adem\u00e1s de una significativa destrucci\u00f3n de propiedades, hogares e infraestructura.<\/p>\n<p style=\"text-align: justify;\">Los medios israel\u00edes reconocieron la muerte de al menos 100 soldados y colonos, y m\u00e1s de 1.000 heridos, adem\u00e1s de la captura de decenas de militares sionistas en los asentamientos adyacentes a la Franja de Gaza durante la Operaci\u00f3n \u201cInundaci\u00f3n de Al-Aqsa\u201d.<\/p>\n<p style=\"text-align: justify;\">fm\/as<\/p>\n","protected":false},"excerpt":{"rendered":"<p>\u201cExiste el temor de que el ocupante israel\u00ed lance ma\u00f1ana una gran ofensiva contra la Franja de Gaza y Cisjordania, y ahora es el momento apropiado para &#8220;que las Naciones Unidas convoque una reuni\u00f3n extraordinaria del Consejo de Seguridad y tomen medidas para detener lo que est\u00e1 sucediendo&#8221;, dijo el embajador palestino en Mosc\u00fa, Abdel &hellip;<\/p>\n","protected":false},"author":42,"featured_media":310615,"comment_status":"closed","ping_status":"closed","sticky":false,"template":"","format":"standard","meta":{"footnotes":""},"categories":[597,456,16687,20724,7541],"tags":[],"class_list":["post-310614","post","type-post","status-publish","format-standard","has-post-thumbnail","","category-cinta-de-noticias","category-arabe-internacional-politica","category-internacionales","category-minuto-a-minuto","category-ultimas-noticias"],"_links":{"self":[{"href":"https:\/\/archive.sana.sy\/es\/index.php?rest_route=\/wp\/v2\/posts\/310614"}],"collection":[{"href":"https:\/\/archive.sana.sy\/es\/index.php?rest_route=\/wp\/v2\/posts"}],"about":[{"href":"https:\/\/archive.sana.sy\/es\/index.php?rest_route=\/wp\/v2\/types\/post"}],"author":[{"embeddable":true,"href":"https:\/\/archive.sana.sy\/es\/index.php?rest_route=\/wp\/v2\/users\/42"}],"replies":[{"embeddable":true,"href":"https:\/\/archive.sana.sy\/es\/index.php?rest_route=%2Fwp%2Fv2%2Fcomments&post=310614"}],"version-history":[{"count":1,"href":"https:\/\/archive.sana.sy\/es\/index.php?rest_route=\/wp\/v2\/posts\/310614\/revisions"}],"predecessor-version":[{"id":310616,"href":"https:\/\/archive.sana.sy\/es\/index.php?rest_route=\/wp\/v2\/posts\/310614\/revisions\/310616"}],"wp:featuredmedia":[{"embeddable":true,"href":"https:\/\/archive.sana.sy\/es\/index.php?rest_route=\/wp\/v2\/media\/310615"}],"wp:attachment":[{"href":"https:\/\/archive.sana.sy\/es\/index.php?rest_route=%2Fwp%2Fv2%2Fmedia&parent=310614"}],"wp:term":[{"taxonomy":"category","embeddable":true,"href":"https:\/\/archive.sana.sy\/es\/index.php?rest_route=%2Fwp%2Fv2%2Fcategories&post=310614"},{"taxonomy":"post_tag","embeddable":true,"href":"https:\/\/archive.sana.sy\/es\/index.php?rest_route=%2Fwp%2Fv2%2Ftags&post=310614"}],"curies":[{"name":"wp","href":"https:\/\/api.w.org\/{rel}","templated":true}]}}