{"id":310636,"date":"2023-10-07T20:37:05","date_gmt":"2023-10-07T17:37:05","guid":{"rendered":"https:\/\/sana.sy\/es\/?p=310636"},"modified":"2023-10-07T20:38:53","modified_gmt":"2023-10-07T17:38:53","slug":"china-cuba-y-nicaragua-condenan-ataque-terrorista-contra-academia-militar-en-homs","status":"publish","type":"post","link":"https:\/\/archive.sana.sy\/es\/?p=310636","title":{"rendered":"China, Cuba y Nicaragua condenan ataque terrorista contra Academia Militar en Homs"},"content":{"rendered":"<p style=\"text-align: justify;\"><span style=\"color: #800000;\"><strong>Beijing- La Habana- Managua, 7 oct (SANA)<\/strong><\/span> Los gobiernos de China, Cuba y Nicaragua condenaron el ataque terrorista con drones ocurrido el pasado jueves contra a ceremonia de graduaci\u00f3n de cadetes de la academia militar en la provincia central de Homs.<\/p>\n<p style=\"text-align: justify;\">\u201cBeijing se opone firmemente a todas las formas de terrorismo, condena el ataque contra el Colegio Militar de Homs y expresa sus condolencias a las familias de las v\u00edctimas y de los heridos\u201d, declar\u00f3 un portavoz del Ministerio de Asuntos Exteriores chino.<\/p>\n<p style=\"text-align: justify;\">A su vez, el ministro de Relaciones Exteriores de Cuba, Bruno Rodr\u00edguez Parilla escribi\u00f3 hoy en su cuenta X: \u201cCuba condena el atentado terrorista perpetrado durante la ceremonia de graduaci\u00f3n de cadetes de la Academia Militar en la provincia siria de Homs\u201d.<\/p>\n<p style=\"text-align: justify;\">\u201cToda nuestra solidaridad con el pueblo y gobierno sirios y sentidas condolencias a familiares y amigos de las v\u00edctimas\u201d, afirm\u00f3 el Canciller de la isla.<\/p>\n<p style=\"text-align: justify;\">Mientras el jefe del Departamento de Relaciones Internacionales del Comit\u00e9 Central del Partido Comunista de Cuba, Emilio Lozada, expres\u00f3 la condena en\u00e9rgica al ataque terrorista.<\/p>\n<p style=\"text-align: justify;\">\u201cNuestras m\u00e1s sentidas condolencias a familiares y allegados de las v\u00edctimas, y a todo el pueblo sirio\u201d, escribi\u00f3 Lozada en su cuenta en X.<\/p>\n<p style=\"text-align: justify;\">Mientras el Gobierno de Nicaragua conden\u00f3 el ataque terrorista y afirm\u00f3 en un mensaje enviado al presidente Bashar Al-Assad: \u201ccondenamos con todas nuestras fuerzas ese ataque que ha dejado familias, mujeres, ni\u00f1os, fallecidos, martirizados por ese terrorismo que no puede seguir asolando al mundo\u201d.<\/p>\n<p style=\"text-align: justify;\">El texto a\u00f1adi\u00f3 que las consecuencias del terrorismo siempre son fatales y dolorosas para las familias que sufren p\u00e9rdidas irreparables, al tiempo que transmiti\u00f3 condolencias al pueblo y Gobierno de la naci\u00f3n \u00e1rabe.<\/p>\n<p style=\"text-align: justify;\">&#8220;Reciban nuestras oraciones y solidaridad frente a la tragedia, deseando, pidiendo tambi\u00e9n por la pronta recuperaci\u00f3n de las personas heridas\u201d, subray\u00f3 el escrito.<\/p>\n<p style=\"text-align: justify;\">fm\/as<\/p>\n","protected":false},"excerpt":{"rendered":"<p>Beijing- La Habana- Managua, 7 oct (SANA) Los gobiernos de China, Cuba y Nicaragua condenaron el ataque terrorista con drones ocurrido el pasado jueves contra a ceremonia de graduaci\u00f3n de cadetes de la academia militar en la provincia central de Homs. \u201cBeijing se opone firmemente a todas las formas de terrorismo, condena el ataque contra &hellip;<\/p>\n","protected":false},"author":42,"featured_media":310639,"comment_status":"closed","ping_status":"closed","sticky":false,"template":"","format":"standard","meta":{"footnotes":""},"categories":[597,456,20724,7541],"tags":[],"class_list":["post-310636","post","type-post","status-publish","format-standard","has-post-thumbnail","","category-cinta-de-noticias","category-arabe-internacional-politica","category-minuto-a-minuto","category-ultimas-noticias"],"_links":{"self":[{"href":"https:\/\/archive.sana.sy\/es\/index.php?rest_route=\/wp\/v2\/posts\/310636"}],"collection":[{"href":"https:\/\/archive.sana.sy\/es\/index.php?rest_route=\/wp\/v2\/posts"}],"about":[{"href":"https:\/\/archive.sana.sy\/es\/index.php?rest_route=\/wp\/v2\/types\/post"}],"author":[{"embeddable":true,"href":"https:\/\/archive.sana.sy\/es\/index.php?rest_route=\/wp\/v2\/users\/42"}],"replies":[{"embeddable":true,"href":"https:\/\/archive.sana.sy\/es\/index.php?rest_route=%2Fwp%2Fv2%2Fcomments&post=310636"}],"version-history":[{"count":1,"href":"https:\/\/archive.sana.sy\/es\/index.php?rest_route=\/wp\/v2\/posts\/310636\/revisions"}],"predecessor-version":[{"id":310638,"href":"https:\/\/archive.sana.sy\/es\/index.php?rest_route=\/wp\/v2\/posts\/310636\/revisions\/310638"}],"wp:featuredmedia":[{"embeddable":true,"href":"https:\/\/archive.sana.sy\/es\/index.php?rest_route=\/wp\/v2\/media\/310639"}],"wp:attachment":[{"href":"https:\/\/archive.sana.sy\/es\/index.php?rest_route=%2Fwp%2Fv2%2Fmedia&parent=310636"}],"wp:term":[{"taxonomy":"category","embeddable":true,"href":"https:\/\/archive.sana.sy\/es\/index.php?rest_route=%2Fwp%2Fv2%2Fcategories&post=310636"},{"taxonomy":"post_tag","embeddable":true,"href":"https:\/\/archive.sana.sy\/es\/index.php?rest_route=%2Fwp%2Fv2%2Ftags&post=310636"}],"curies":[{"name":"wp","href":"https:\/\/api.w.org\/{rel}","templated":true}]}}