{"id":310640,"date":"2023-10-07T20:49:31","date_gmt":"2023-10-07T17:49:31","guid":{"rendered":"https:\/\/sana.sy\/es\/?p=310640"},"modified":"2023-10-07T20:53:43","modified_gmt":"2023-10-07T17:53:43","slug":"ejercito-sirio-destruye-cuarteles-y-campos-de-entrenamiento-de-los-terrorista-en-alepo-e-idlib","status":"publish","type":"post","link":"https:\/\/archive.sana.sy\/es\/?p=310640","title":{"rendered":"Ej\u00e9rcito sirio destruye cuarteles y campos de entrenamiento de los terrorista en Alepo e Idlib"},"content":{"rendered":"<p style=\"text-align: justify;\"><span style=\"color: #800000;\"><strong>Alepo-Idlib, 7 oct (SANA)<\/strong><\/span> Unidades de las Fuerzas Armadas de Siria realizaron ataques concentrados contra posiciones de los grupos terroristas en las zonas rurales de las provincias de Alepo e Idlib, en el norte y noroeste del pa\u00eds.<\/p>\n<p style=\"text-align: justify;\">Por medio de un comunicado, el Ministerio de Defensa inform\u00f3 que el Ej\u00e9rcito llev\u00f3 a cabo ataques a\u00e9reos y con misiles y artiller\u00eda contra cuarteles generales, campos de entrenamiento y cuevas que usaban los grupos terroristas como refugios.<\/p>\n<p style=\"text-align: justify;\">Los ataques, seg\u00fan aclara el ente castrense, son en respuesta a los ataques de organizaciones terroristas contra las comunidades civiles y puestos militares.<\/p>\n<p style=\"text-align: justify;\">Agreg\u00f3 que decenas de terroristas fueron neutralizados y sus quipos quedaron destruidos en estos ataques.<\/p>\n<p style=\"text-align: justify;\">Anteriormente, el Ministerio de Defensa de Siria anunci\u00f3 el derribo de siete veh\u00edculos a\u00e9reos no tripulados de los grupos terroristas en el norte y noroeste de esta naci\u00f3n levantina.<\/p>\n<p style=\"text-align: justify;\">Por medio de un comunicado publicado en su p\u00e1gina en Facebook, el Ministerio de Defensa inform\u00f3 que los drones fueron derribados por los uniformados sirios en la ciudad de Alepo, y en las provincias de Hama e Idlib.<\/p>\n<p style=\"text-align: justify;\">Agreg\u00f3 que los radicales pretend\u00edan atacar a zonas pobladas para aterrorizar a los residentes y destruir infraestructuras y propiedades p\u00fablicas y privadas.<\/p>\n<p style=\"text-align: justify;\">as\/fm<\/p>\n","protected":false},"excerpt":{"rendered":"<p>Alepo-Idlib, 7 oct (SANA) Unidades de las Fuerzas Armadas de Siria realizaron ataques concentrados contra posiciones de los grupos terroristas en las zonas rurales de las provincias de Alepo e Idlib, en el norte y noroeste del pa\u00eds. Por medio de un comunicado, el Ministerio de Defensa inform\u00f3 que el Ej\u00e9rcito llev\u00f3 a cabo ataques &hellip;<\/p>\n","protected":false},"author":42,"featured_media":310641,"comment_status":"closed","ping_status":"closed","sticky":false,"template":"","format":"standard","meta":{"footnotes":""},"categories":[597,16688,476,583],"tags":[],"class_list":["post-310640","post","type-post","status-publish","format-standard","has-post-thumbnail","","category-cinta-de-noticias","category-nacionales","category-locales","category-slide"],"_links":{"self":[{"href":"https:\/\/archive.sana.sy\/es\/index.php?rest_route=\/wp\/v2\/posts\/310640"}],"collection":[{"href":"https:\/\/archive.sana.sy\/es\/index.php?rest_route=\/wp\/v2\/posts"}],"about":[{"href":"https:\/\/archive.sana.sy\/es\/index.php?rest_route=\/wp\/v2\/types\/post"}],"author":[{"embeddable":true,"href":"https:\/\/archive.sana.sy\/es\/index.php?rest_route=\/wp\/v2\/users\/42"}],"replies":[{"embeddable":true,"href":"https:\/\/archive.sana.sy\/es\/index.php?rest_route=%2Fwp%2Fv2%2Fcomments&post=310640"}],"version-history":[{"count":3,"href":"https:\/\/archive.sana.sy\/es\/index.php?rest_route=\/wp\/v2\/posts\/310640\/revisions"}],"predecessor-version":[{"id":310645,"href":"https:\/\/archive.sana.sy\/es\/index.php?rest_route=\/wp\/v2\/posts\/310640\/revisions\/310645"}],"wp:featuredmedia":[{"embeddable":true,"href":"https:\/\/archive.sana.sy\/es\/index.php?rest_route=\/wp\/v2\/media\/310641"}],"wp:attachment":[{"href":"https:\/\/archive.sana.sy\/es\/index.php?rest_route=%2Fwp%2Fv2%2Fmedia&parent=310640"}],"wp:term":[{"taxonomy":"category","embeddable":true,"href":"https:\/\/archive.sana.sy\/es\/index.php?rest_route=%2Fwp%2Fv2%2Fcategories&post=310640"},{"taxonomy":"post_tag","embeddable":true,"href":"https:\/\/archive.sana.sy\/es\/index.php?rest_route=%2Fwp%2Fv2%2Ftags&post=310640"}],"curies":[{"name":"wp","href":"https:\/\/api.w.org\/{rel}","templated":true}]}}