{"id":310646,"date":"2023-10-08T09:01:35","date_gmt":"2023-10-08T06:01:35","guid":{"rendered":"https:\/\/sana.sy\/es\/?p=310646"},"modified":"2023-10-08T09:01:35","modified_gmt":"2023-10-08T06:01:35","slug":"el-ejercito-israeli-reconoce-que-sus-posiciones-en-ruwaisat-al-alam-y-al-radar-sufrieron-grandes-danos-tras-el-ataque-con-misiles-guiados-y-proyectiles-de-la-resistencia-libanesa","status":"publish","type":"post","link":"https:\/\/archive.sana.sy\/es\/?p=310646","title":{"rendered":"El Ej\u00e9rcito israel\u00ed reconoce que sus posiciones en Ruwaisat Al-Alam y Al-Radar, sufrieron grandes da\u00f1os tras el ataque con misiles guiados y proyectiles de la resistencia libanesa"},"content":{"rendered":"","protected":false},"excerpt":{"rendered":"","protected":false},"author":35,"featured_media":0,"comment_status":"closed","ping_status":"closed","sticky":false,"template":"","format":"standard","meta":{"footnotes":""},"categories":[20724,596],"tags":[],"class_list":["post-310646","post","type-post","status-publish","format-standard","","category-minuto-a-minuto","category-urgente"],"_links":{"self":[{"href":"https:\/\/archive.sana.sy\/es\/index.php?rest_route=\/wp\/v2\/posts\/310646"}],"collection":[{"href":"https:\/\/archive.sana.sy\/es\/index.php?rest_route=\/wp\/v2\/posts"}],"about":[{"href":"https:\/\/archive.sana.sy\/es\/index.php?rest_route=\/wp\/v2\/types\/post"}],"author":[{"embeddable":true,"href":"https:\/\/archive.sana.sy\/es\/index.php?rest_route=\/wp\/v2\/users\/35"}],"replies":[{"embeddable":true,"href":"https:\/\/archive.sana.sy\/es\/index.php?rest_route=%2Fwp%2Fv2%2Fcomments&post=310646"}],"version-history":[{"count":1,"href":"https:\/\/archive.sana.sy\/es\/index.php?rest_route=\/wp\/v2\/posts\/310646\/revisions"}],"predecessor-version":[{"id":310647,"href":"https:\/\/archive.sana.sy\/es\/index.php?rest_route=\/wp\/v2\/posts\/310646\/revisions\/310647"}],"wp:attachment":[{"href":"https:\/\/archive.sana.sy\/es\/index.php?rest_route=%2Fwp%2Fv2%2Fmedia&parent=310646"}],"wp:term":[{"taxonomy":"category","embeddable":true,"href":"https:\/\/archive.sana.sy\/es\/index.php?rest_route=%2Fwp%2Fv2%2Fcategories&post=310646"},{"taxonomy":"post_tag","embeddable":true,"href":"https:\/\/archive.sana.sy\/es\/index.php?rest_route=%2Fwp%2Fv2%2Ftags&post=310646"}],"curies":[{"name":"wp","href":"https:\/\/api.w.org\/{rel}","templated":true}]}}