{"id":310652,"date":"2023-10-08T09:33:39","date_gmt":"2023-10-08T06:33:39","guid":{"rendered":"https:\/\/sana.sy\/es\/?p=310652"},"modified":"2023-10-09T10:19:00","modified_gmt":"2023-10-09T07:19:00","slug":"300-soldados-y-colonos-israelies-muertos-en-la-operacion-inundacion-de-al-aqsa","status":"publish","type":"post","link":"https:\/\/archive.sana.sy\/es\/?p=310652","title":{"rendered":"M\u00e1s de 600 soldados y colonos israel\u00edes muertos en la operaci\u00f3n &#8220;Inundaci\u00f3n de Al-Aqsa&#8221;"},"content":{"rendered":"<p style=\"text-align: justify;\"><span style=\"color: #800000;\"><strong>Jerusal\u00e9n ocupada, 8 oct (SANA<\/strong><\/span>)\u00a0 \u00a0El n\u00famero de soldados y colonos israel\u00edes muertos durante la operaci\u00f3n \u201cInundaci\u00f3n de Al-Aqsa\u201d lanzada por la resistencia palestina en la Franja de Gaza ascendi\u00f3 a m\u00e1s que 600, incluido el comandante de la Brigada \u201cNahal\u201d, mientras los heridos llegaron a 2.000, de los cuales 290 se encuentran en estado grave, adem\u00e1s de decenas de capturados.<\/p>\n<p style=\"text-align: justify;\">Por otro lado, la resistencia palestina reanud\u00f3 su bombardeo con cohetes contra \u201cTel Aviv\u201d y otros asentamientos del ocupante en los territorios ocupados en 1948.<\/p>\n<p>A su vez, los aviones de combate de la ocupaci\u00f3n israel\u00ed lanzaron una serie de ataques contra la Franja de Gaza, lo que provoc\u00f3 la muerte y heridas de varios palestinos y la destrucci\u00f3n de tres nuevas torres residenciales.<\/p>\n<p>El Ministerio de Salud palestino anunci\u00f3 que el n\u00famero de m\u00e1rtires de la agresi\u00f3n israel\u00ed en la Franja de Gaza hab\u00eda aumentado a 232 y los heridos a 1.697.<\/p>\n<p style=\"text-align: justify;\"><strong>fm\/ws<\/strong><\/p>\n","protected":false},"excerpt":{"rendered":"<p>Jerusal\u00e9n ocupada, 8 oct (SANA)\u00a0 \u00a0El n\u00famero de soldados y colonos israel\u00edes muertos durante la operaci\u00f3n \u201cInundaci\u00f3n de Al-Aqsa\u201d lanzada por la resistencia palestina en la Franja de Gaza ascendi\u00f3 a m\u00e1s que 600, incluido el comandante de la Brigada \u201cNahal\u201d, mientras los heridos llegaron a 2.000, de los cuales 290 se encuentran en estado &hellip;<\/p>\n","protected":false},"author":35,"featured_media":310661,"comment_status":"closed","ping_status":"closed","sticky":false,"template":"","format":"standard","meta":{"footnotes":""},"categories":[597,456,16687,20724,583],"tags":[],"class_list":["post-310652","post","type-post","status-publish","format-standard","has-post-thumbnail","","category-cinta-de-noticias","category-arabe-internacional-politica","category-internacionales","category-minuto-a-minuto","category-slide"],"_links":{"self":[{"href":"https:\/\/archive.sana.sy\/es\/index.php?rest_route=\/wp\/v2\/posts\/310652"}],"collection":[{"href":"https:\/\/archive.sana.sy\/es\/index.php?rest_route=\/wp\/v2\/posts"}],"about":[{"href":"https:\/\/archive.sana.sy\/es\/index.php?rest_route=\/wp\/v2\/types\/post"}],"author":[{"embeddable":true,"href":"https:\/\/archive.sana.sy\/es\/index.php?rest_route=\/wp\/v2\/users\/35"}],"replies":[{"embeddable":true,"href":"https:\/\/archive.sana.sy\/es\/index.php?rest_route=%2Fwp%2Fv2%2Fcomments&post=310652"}],"version-history":[{"count":7,"href":"https:\/\/archive.sana.sy\/es\/index.php?rest_route=\/wp\/v2\/posts\/310652\/revisions"}],"predecessor-version":[{"id":310742,"href":"https:\/\/archive.sana.sy\/es\/index.php?rest_route=\/wp\/v2\/posts\/310652\/revisions\/310742"}],"wp:featuredmedia":[{"embeddable":true,"href":"https:\/\/archive.sana.sy\/es\/index.php?rest_route=\/wp\/v2\/media\/310661"}],"wp:attachment":[{"href":"https:\/\/archive.sana.sy\/es\/index.php?rest_route=%2Fwp%2Fv2%2Fmedia&parent=310652"}],"wp:term":[{"taxonomy":"category","embeddable":true,"href":"https:\/\/archive.sana.sy\/es\/index.php?rest_route=%2Fwp%2Fv2%2Fcategories&post=310652"},{"taxonomy":"post_tag","embeddable":true,"href":"https:\/\/archive.sana.sy\/es\/index.php?rest_route=%2Fwp%2Fv2%2Ftags&post=310652"}],"curies":[{"name":"wp","href":"https:\/\/api.w.org\/{rel}","templated":true}]}}