{"id":310663,"date":"2023-10-08T10:36:06","date_gmt":"2023-10-08T07:36:06","guid":{"rendered":"https:\/\/sana.sy\/es\/?p=310663"},"modified":"2023-10-08T10:36:51","modified_gmt":"2023-10-08T07:36:51","slug":"asociacion-de-amistad-cubano-arabe-y-la-union-arabe-en-cuba-condenan-ataque-terrorista-a-academia-militar-en-homs","status":"publish","type":"post","link":"https:\/\/archive.sana.sy\/es\/?p=310663","title":{"rendered":"Asociaci\u00f3n de Amistad Cubano-\u00c1rabe y la Uni\u00f3n \u00c1rabe en Cuba condenan ataque terrorista a Academia Militar en Homs"},"content":{"rendered":"<p style=\"text-align: justify;\"><span style=\"color: #800000;\"><strong>La Habana, 7 oct (SANA)\u00a0<\/strong><\/span> \u00a0La Asociaci\u00f3n de Amistad Cubano-\u00c1rabe conden\u00f3 en\u00e9rgicamente el atentado terrorista perpetrado con drones el pasado jueves contra una ceremonia de graduaci\u00f3n de cadetes en la academia militar en Homs.<\/p>\n<p style=\"text-align: justify;\">La Asociaci\u00f3n expres\u00f3 su m\u00e1s sentido p\u00e9same al gobierno y pueblo sirios, y a las familias de los m\u00e1rtires, y reiter\u00f3 su apoyo y solidaridad con Siria en la batalla que libra contra el terrorismo para preservar su soberan\u00eda e independencia, y la seguridad de su pueblo.<\/p>\n<p style=\"text-align: justify;\">A su vez, la Uni\u00f3n \u00c1rabe en Cuba conden\u00f3 en los t\u00e9rminos m\u00e1s en\u00e9rgicos este ataque, y ofreci\u00f3 su m\u00e1s sentido p\u00e9same y solidaridad a los familiares y amigos de las v\u00edctimas.<\/p>\n<p style=\"text-align: justify;\">Expres\u00f3 su plena solidaridad con el amigo pueblo sirio contra estos actos agresivos.<\/p>\n<p style=\"text-align: justify;\"><strong>fm\/ws<\/strong><\/p>\n","protected":false},"excerpt":{"rendered":"<p>La Habana, 7 oct (SANA)\u00a0 \u00a0La Asociaci\u00f3n de Amistad Cubano-\u00c1rabe conden\u00f3 en\u00e9rgicamente el atentado terrorista perpetrado con drones el pasado jueves contra una ceremonia de graduaci\u00f3n de cadetes en la academia militar en Homs. La Asociaci\u00f3n expres\u00f3 su m\u00e1s sentido p\u00e9same al gobierno y pueblo sirios, y a las familias de los m\u00e1rtires, y reiter\u00f3 &hellip;<\/p>\n","protected":false},"author":35,"featured_media":310664,"comment_status":"closed","ping_status":"closed","sticky":false,"template":"","format":"standard","meta":{"footnotes":""},"categories":[597,20724,467,7541,1],"tags":[],"class_list":["post-310663","post","type-post","status-publish","format-standard","has-post-thumbnail","","category-cinta-de-noticias","category-minuto-a-minuto","category-siria-y-el-mundo","category-ultimas-noticias","category-news-not-sorted"],"_links":{"self":[{"href":"https:\/\/archive.sana.sy\/es\/index.php?rest_route=\/wp\/v2\/posts\/310663"}],"collection":[{"href":"https:\/\/archive.sana.sy\/es\/index.php?rest_route=\/wp\/v2\/posts"}],"about":[{"href":"https:\/\/archive.sana.sy\/es\/index.php?rest_route=\/wp\/v2\/types\/post"}],"author":[{"embeddable":true,"href":"https:\/\/archive.sana.sy\/es\/index.php?rest_route=\/wp\/v2\/users\/35"}],"replies":[{"embeddable":true,"href":"https:\/\/archive.sana.sy\/es\/index.php?rest_route=%2Fwp%2Fv2%2Fcomments&post=310663"}],"version-history":[{"count":3,"href":"https:\/\/archive.sana.sy\/es\/index.php?rest_route=\/wp\/v2\/posts\/310663\/revisions"}],"predecessor-version":[{"id":310667,"href":"https:\/\/archive.sana.sy\/es\/index.php?rest_route=\/wp\/v2\/posts\/310663\/revisions\/310667"}],"wp:featuredmedia":[{"embeddable":true,"href":"https:\/\/archive.sana.sy\/es\/index.php?rest_route=\/wp\/v2\/media\/310664"}],"wp:attachment":[{"href":"https:\/\/archive.sana.sy\/es\/index.php?rest_route=%2Fwp%2Fv2%2Fmedia&parent=310663"}],"wp:term":[{"taxonomy":"category","embeddable":true,"href":"https:\/\/archive.sana.sy\/es\/index.php?rest_route=%2Fwp%2Fv2%2Fcategories&post=310663"},{"taxonomy":"post_tag","embeddable":true,"href":"https:\/\/archive.sana.sy\/es\/index.php?rest_route=%2Fwp%2Fv2%2Ftags&post=310663"}],"curies":[{"name":"wp","href":"https:\/\/api.w.org\/{rel}","templated":true}]}}