{"id":310679,"date":"2023-10-08T13:41:30","date_gmt":"2023-10-08T10:41:30","guid":{"rendered":"http:\/\/sana.sy\/es\/?p=310679"},"modified":"2023-10-08T13:47:11","modified_gmt":"2023-10-08T10:47:11","slug":"palestinos-capturan-o-destruyen-14-tanques-y-blindados-israelies-y-danan-tres-aviones-f-16","status":"publish","type":"post","link":"https:\/\/archive.sana.sy\/es\/?p=310679","title":{"rendered":"Palestinos capturan o destruyen 14 tanques y blindados israel\u00edes y da\u00f1an tres aviones F-16"},"content":{"rendered":"<blockquote>\n<p style=\"text-align: justify;\"><span style=\"color: #993300;\">Despu\u00e9s de que los aviones fueran da\u00f1ados, \u201cIsrael\u201d decidi\u00f3 transferir urgentemente el resto de los cazas a otro aer\u00f3dromo militar ubicado fuera de la zona de alcance de los sistemas de lanzamiento m\u00faltiple de cohetes.<\/span><\/p>\n<\/blockquote>\n<p style=\"text-align: justify;\"><span style=\"color: #800000;\"><strong>Jerusal\u00e9n ocupada, 8 oct (SANA)<\/strong> <\/span>Las fuerzas de la resistencia palestina lograron capturar 14 tanques y veh\u00edculos blindados israel\u00edes, incluidos tanques Merkava y veh\u00edculos blindados de transporte de personal Namer, seg\u00fan videos e informes que circularon citados por el portal Avia.Pro.<\/p>\n<p style=\"text-align: justify;\">Las publicaciones muestran a palestinos tomando un puesto militar israel\u00ed con veh\u00edculos blindados presentes en el lugar.<\/p>\n<p style=\"text-align: justify;\">Asimismo, los combatientes palestinos lograron da\u00f1ar al menos tres aviones de combate F-16 del ej\u00e9rcito israel\u00ed.<\/p>\n<p style=\"text-align: justify;\">Despu\u00e9s de que los aviones fueran da\u00f1ados, \u201cIsrael\u201d decidi\u00f3 transferir urgentemente el resto de los cazas a otro aer\u00f3dromo militar ubicado fuera de la zona de alcance de los sistemas de lanzamiento m\u00faltiple de cohetes.<\/p>\n<p style=\"text-align: justify;\">fm\/as<\/p>\n","protected":false},"excerpt":{"rendered":"<p>Despu\u00e9s de que los aviones fueran da\u00f1ados, \u201cIsrael\u201d decidi\u00f3 transferir urgentemente el resto de los cazas a otro aer\u00f3dromo militar ubicado fuera de la zona de alcance de los sistemas de lanzamiento m\u00faltiple de cohetes. Jerusal\u00e9n ocupada, 8 oct (SANA) Las fuerzas de la resistencia palestina lograron capturar 14 tanques y veh\u00edculos blindados israel\u00edes, incluidos &hellip;<\/p>\n","protected":false},"author":42,"featured_media":310682,"comment_status":"closed","ping_status":"closed","sticky":false,"template":"","format":"standard","meta":{"footnotes":""},"categories":[597,456,16687,20724,7541],"tags":[],"class_list":["post-310679","post","type-post","status-publish","format-standard","has-post-thumbnail","","category-cinta-de-noticias","category-arabe-internacional-politica","category-internacionales","category-minuto-a-minuto","category-ultimas-noticias"],"_links":{"self":[{"href":"https:\/\/archive.sana.sy\/es\/index.php?rest_route=\/wp\/v2\/posts\/310679"}],"collection":[{"href":"https:\/\/archive.sana.sy\/es\/index.php?rest_route=\/wp\/v2\/posts"}],"about":[{"href":"https:\/\/archive.sana.sy\/es\/index.php?rest_route=\/wp\/v2\/types\/post"}],"author":[{"embeddable":true,"href":"https:\/\/archive.sana.sy\/es\/index.php?rest_route=\/wp\/v2\/users\/42"}],"replies":[{"embeddable":true,"href":"https:\/\/archive.sana.sy\/es\/index.php?rest_route=%2Fwp%2Fv2%2Fcomments&post=310679"}],"version-history":[{"count":2,"href":"https:\/\/archive.sana.sy\/es\/index.php?rest_route=\/wp\/v2\/posts\/310679\/revisions"}],"predecessor-version":[{"id":310683,"href":"https:\/\/archive.sana.sy\/es\/index.php?rest_route=\/wp\/v2\/posts\/310679\/revisions\/310683"}],"wp:featuredmedia":[{"embeddable":true,"href":"https:\/\/archive.sana.sy\/es\/index.php?rest_route=\/wp\/v2\/media\/310682"}],"wp:attachment":[{"href":"https:\/\/archive.sana.sy\/es\/index.php?rest_route=%2Fwp%2Fv2%2Fmedia&parent=310679"}],"wp:term":[{"taxonomy":"category","embeddable":true,"href":"https:\/\/archive.sana.sy\/es\/index.php?rest_route=%2Fwp%2Fv2%2Fcategories&post=310679"},{"taxonomy":"post_tag","embeddable":true,"href":"https:\/\/archive.sana.sy\/es\/index.php?rest_route=%2Fwp%2Fv2%2Ftags&post=310679"}],"curies":[{"name":"wp","href":"https:\/\/api.w.org\/{rel}","templated":true}]}}