{"id":310687,"date":"2023-10-08T14:44:52","date_gmt":"2023-10-08T11:44:52","guid":{"rendered":"http:\/\/sana.sy\/es\/?p=310687"},"modified":"2023-10-08T14:44:52","modified_gmt":"2023-10-08T11:44:52","slug":"presidente-al-assad-recibe-mensaje-solidario-de-su-homologo-iraqui","status":"publish","type":"post","link":"https:\/\/archive.sana.sy\/es\/?p=310687","title":{"rendered":"Presidente Al-Assad recibe mensaje solidario de su hom\u00f3logo iraqu\u00ed"},"content":{"rendered":"<blockquote>\n<p style=\"text-align: justify;\"><span style=\"color: #993300;\">&#8220;Recibimos con gran pesar la noticia del ataque que dej\u00f3 muchas v\u00edctimas inocentes, y en nombre del pueblo iraqu\u00ed y en el m\u00edo propio, condenamos y denunciamos en\u00e9rgicamente este acto terrorista, cobarde y despreciable que contradice todos los valores humanos y las ense\u00f1anzas de las regiones\u201d, dijo el mandatario iraqu\u00ed en su mensaje.<\/span><\/p>\n<\/blockquote>\n<p style=\"text-align: justify;\"><span style=\"color: #800000;\"><strong>Damasco, 8 oct (SANA)<\/strong> <\/span>El presidente sirio Bashar Al-Assad, recibi\u00f3 hoy un mensaje de condolencia de su hom\u00f3logo iraqu\u00ed Abdul Latif Jamal Rashid, por los m\u00e1rtires ca\u00eddos en el ataque terrorista con drones que tuvo lugar el pasado jueves contra una ceremonia de graduaci\u00f3n de cadetes de la Academia Militar en Homs.<\/p>\n<p style=\"text-align: justify;\">&#8220;Recibimos con gran pesar la noticia del ataque que dej\u00f3 muchas v\u00edctimas inocentes, y en nombre del pueblo iraqu\u00ed y en el m\u00edo propio, condenamos y denunciamos en\u00e9rgicamente este acto terrorista cobarde y despreciable que contradice todos los valores humanos y las ense\u00f1anzas de las regiones\u201d, dijo el mandatario iraqu\u00ed en su mensaje.<\/p>\n<p style=\"text-align: justify;\">Expres\u00f3 sus condolencias y su m\u00e1s sincero p\u00e9same al hermano pueblo sirio y a las familias de las v\u00edctimas de esta pecaminosa agresi\u00f3n, deseando la recuperaci\u00f3n de todo los heridos.<\/p>\n<p style=\"text-align: justify;\">fm\/as<\/p>\n","protected":false},"excerpt":{"rendered":"<p>&#8220;Recibimos con gran pesar la noticia del ataque que dej\u00f3 muchas v\u00edctimas inocentes, y en nombre del pueblo iraqu\u00ed y en el m\u00edo propio, condenamos y denunciamos en\u00e9rgicamente este acto terrorista, cobarde y despreciable que contradice todos los valores humanos y las ense\u00f1anzas de las regiones\u201d, dijo el mandatario iraqu\u00ed en su mensaje. Damasco, 8 &hellip;<\/p>\n","protected":false},"author":42,"featured_media":310688,"comment_status":"closed","ping_status":"closed","sticky":false,"template":"","format":"standard","meta":{"footnotes":""},"categories":[597,20724,467,583],"tags":[],"class_list":["post-310687","post","type-post","status-publish","format-standard","has-post-thumbnail","","category-cinta-de-noticias","category-minuto-a-minuto","category-siria-y-el-mundo","category-slide"],"_links":{"self":[{"href":"https:\/\/archive.sana.sy\/es\/index.php?rest_route=\/wp\/v2\/posts\/310687"}],"collection":[{"href":"https:\/\/archive.sana.sy\/es\/index.php?rest_route=\/wp\/v2\/posts"}],"about":[{"href":"https:\/\/archive.sana.sy\/es\/index.php?rest_route=\/wp\/v2\/types\/post"}],"author":[{"embeddable":true,"href":"https:\/\/archive.sana.sy\/es\/index.php?rest_route=\/wp\/v2\/users\/42"}],"replies":[{"embeddable":true,"href":"https:\/\/archive.sana.sy\/es\/index.php?rest_route=%2Fwp%2Fv2%2Fcomments&post=310687"}],"version-history":[{"count":1,"href":"https:\/\/archive.sana.sy\/es\/index.php?rest_route=\/wp\/v2\/posts\/310687\/revisions"}],"predecessor-version":[{"id":310689,"href":"https:\/\/archive.sana.sy\/es\/index.php?rest_route=\/wp\/v2\/posts\/310687\/revisions\/310689"}],"wp:featuredmedia":[{"embeddable":true,"href":"https:\/\/archive.sana.sy\/es\/index.php?rest_route=\/wp\/v2\/media\/310688"}],"wp:attachment":[{"href":"https:\/\/archive.sana.sy\/es\/index.php?rest_route=%2Fwp%2Fv2%2Fmedia&parent=310687"}],"wp:term":[{"taxonomy":"category","embeddable":true,"href":"https:\/\/archive.sana.sy\/es\/index.php?rest_route=%2Fwp%2Fv2%2Fcategories&post=310687"},{"taxonomy":"post_tag","embeddable":true,"href":"https:\/\/archive.sana.sy\/es\/index.php?rest_route=%2Fwp%2Fv2%2Ftags&post=310687"}],"curies":[{"name":"wp","href":"https:\/\/api.w.org\/{rel}","templated":true}]}}