{"id":310698,"date":"2023-10-08T16:15:59","date_gmt":"2023-10-08T13:15:59","guid":{"rendered":"https:\/\/sana.sy\/es\/?p=310698"},"modified":"2023-10-08T16:15:59","modified_gmt":"2023-10-08T13:15:59","slug":"dos-turistas-israelies-y-un-egipcio-mueren-por-disparos-de-un-policia","status":"publish","type":"post","link":"https:\/\/archive.sana.sy\/es\/?p=310698","title":{"rendered":"Dos turistas israel\u00edes y un egipcio mueren por disparos de un polic\u00eda"},"content":{"rendered":"<blockquote>\n<p style=\"text-align: justify;\"><span style=\"color: #993300;\">Seg\u00fan inform\u00f3 una fuente de seguridad, un agente de polic\u00eda dispar\u00f3 con su arma personal al azar durante la presencia de un grupo tur\u00edstico israel\u00ed.<\/span><\/p>\n<\/blockquote>\n<p style=\"text-align: justify;\"><span style=\"color: #800000;\"><strong>El Cairo, 08 oct (SANA) <\/strong><\/span>Dos turistas israel\u00edes y un egipcio muri\u00f3 murieron hoy por disparos de un polic\u00eda en la regi\u00f3n de Mansheya en Alejandr\u00eda, en el norte de Egipto.<\/p>\n<p style=\"text-align: justify;\">Seg\u00fan inform\u00f3 una fuente de seguridad, un agente de polic\u00eda dispar\u00f3 con su arma personal al azar durante la presencia de un grupo tur\u00edstico israel\u00ed.<\/p>\n<p style=\"text-align: justify;\">La fuente indic\u00f3 que el tiroteo provoc\u00f3 la muerte de dos miembros del grupo y uno de los egipcios, mientras otro result\u00f3 herido.<\/p>\n<p style=\"text-align: justify;\">as\/fm<\/p>\n","protected":false},"excerpt":{"rendered":"<p>Seg\u00fan inform\u00f3 una fuente de seguridad, un agente de polic\u00eda dispar\u00f3 con su arma personal al azar durante la presencia de un grupo tur\u00edstico israel\u00ed. El Cairo, 08 oct (SANA) Dos turistas israel\u00edes y un egipcio muri\u00f3 murieron hoy por disparos de un polic\u00eda en la regi\u00f3n de Mansheya en Alejandr\u00eda, en el norte de &hellip;<\/p>\n","protected":false},"author":42,"featured_media":310699,"comment_status":"closed","ping_status":"closed","sticky":false,"template":"","format":"standard","meta":{"footnotes":""},"categories":[597,456,16687,20724,7541],"tags":[],"class_list":["post-310698","post","type-post","status-publish","format-standard","has-post-thumbnail","","category-cinta-de-noticias","category-arabe-internacional-politica","category-internacionales","category-minuto-a-minuto","category-ultimas-noticias"],"_links":{"self":[{"href":"https:\/\/archive.sana.sy\/es\/index.php?rest_route=\/wp\/v2\/posts\/310698"}],"collection":[{"href":"https:\/\/archive.sana.sy\/es\/index.php?rest_route=\/wp\/v2\/posts"}],"about":[{"href":"https:\/\/archive.sana.sy\/es\/index.php?rest_route=\/wp\/v2\/types\/post"}],"author":[{"embeddable":true,"href":"https:\/\/archive.sana.sy\/es\/index.php?rest_route=\/wp\/v2\/users\/42"}],"replies":[{"embeddable":true,"href":"https:\/\/archive.sana.sy\/es\/index.php?rest_route=%2Fwp%2Fv2%2Fcomments&post=310698"}],"version-history":[{"count":1,"href":"https:\/\/archive.sana.sy\/es\/index.php?rest_route=\/wp\/v2\/posts\/310698\/revisions"}],"predecessor-version":[{"id":310700,"href":"https:\/\/archive.sana.sy\/es\/index.php?rest_route=\/wp\/v2\/posts\/310698\/revisions\/310700"}],"wp:featuredmedia":[{"embeddable":true,"href":"https:\/\/archive.sana.sy\/es\/index.php?rest_route=\/wp\/v2\/media\/310699"}],"wp:attachment":[{"href":"https:\/\/archive.sana.sy\/es\/index.php?rest_route=%2Fwp%2Fv2%2Fmedia&parent=310698"}],"wp:term":[{"taxonomy":"category","embeddable":true,"href":"https:\/\/archive.sana.sy\/es\/index.php?rest_route=%2Fwp%2Fv2%2Fcategories&post=310698"},{"taxonomy":"post_tag","embeddable":true,"href":"https:\/\/archive.sana.sy\/es\/index.php?rest_route=%2Fwp%2Fv2%2Ftags&post=310698"}],"curies":[{"name":"wp","href":"https:\/\/api.w.org\/{rel}","templated":true}]}}