{"id":310712,"date":"2023-10-09T06:31:32","date_gmt":"2023-10-09T03:31:32","guid":{"rendered":"http:\/\/sana.sy\/es\/?p=310712"},"modified":"2023-10-09T06:43:23","modified_gmt":"2023-10-09T03:43:23","slug":"presidentes-de-siria-y-eau-abordan-actuales-acontecimientos-en-territorios-palestinos","status":"publish","type":"post","link":"https:\/\/archive.sana.sy\/es\/?p=310712","title":{"rendered":"Presidentes de Siria y EAU abordan actuales acontecimientos en territorios palestinos"},"content":{"rendered":"<p style=\"text-align: justify;\"><span style=\"color: #800000;\"><strong>Damasco, 9 oct (SANA)\u00a0<\/strong> <\/span>El presidente Bashar Al-Assad recibi\u00f3 una llamada telef\u00f3nica de Su Alteza el Jeque Mohamed bin Zayed Al Nahyan, presidente de los Emiratos \u00c1rabes Unidos (EAU).<\/p>\n<p style=\"text-align: justify;\">Ambos mandatarios debatieron los acontecimientos en los territorios palestinos ocupados y la situaci\u00f3n en la regi\u00f3n.<\/p>\n<p style=\"text-align: justify;\">fm<\/p>\n<p style=\"text-align: justify;\">\n","protected":false},"excerpt":{"rendered":"<p>Damasco, 9 oct (SANA)\u00a0 El presidente Bashar Al-Assad recibi\u00f3 una llamada telef\u00f3nica de Su Alteza el Jeque Mohamed bin Zayed Al Nahyan, presidente de los Emiratos \u00c1rabes Unidos (EAU). Ambos mandatarios debatieron los acontecimientos en los territorios palestinos ocupados y la situaci\u00f3n en la regi\u00f3n. fm<\/p>\n","protected":false},"author":34,"featured_media":310713,"comment_status":"closed","ping_status":"closed","sticky":false,"template":"","format":"standard","meta":{"footnotes":""},"categories":[447,477,597,20724,476,467,583],"tags":[],"class_list":["post-310712","post","type-post","status-publish","format-standard","has-post-thumbnail","","category-local-politica","category-noticias-edulcorantes","category-cinta-de-noticias","category-minuto-a-minuto","category-locales","category-siria-y-el-mundo","category-slide"],"_links":{"self":[{"href":"https:\/\/archive.sana.sy\/es\/index.php?rest_route=\/wp\/v2\/posts\/310712"}],"collection":[{"href":"https:\/\/archive.sana.sy\/es\/index.php?rest_route=\/wp\/v2\/posts"}],"about":[{"href":"https:\/\/archive.sana.sy\/es\/index.php?rest_route=\/wp\/v2\/types\/post"}],"author":[{"embeddable":true,"href":"https:\/\/archive.sana.sy\/es\/index.php?rest_route=\/wp\/v2\/users\/34"}],"replies":[{"embeddable":true,"href":"https:\/\/archive.sana.sy\/es\/index.php?rest_route=%2Fwp%2Fv2%2Fcomments&post=310712"}],"version-history":[{"count":2,"href":"https:\/\/archive.sana.sy\/es\/index.php?rest_route=\/wp\/v2\/posts\/310712\/revisions"}],"predecessor-version":[{"id":310715,"href":"https:\/\/archive.sana.sy\/es\/index.php?rest_route=\/wp\/v2\/posts\/310712\/revisions\/310715"}],"wp:featuredmedia":[{"embeddable":true,"href":"https:\/\/archive.sana.sy\/es\/index.php?rest_route=\/wp\/v2\/media\/310713"}],"wp:attachment":[{"href":"https:\/\/archive.sana.sy\/es\/index.php?rest_route=%2Fwp%2Fv2%2Fmedia&parent=310712"}],"wp:term":[{"taxonomy":"category","embeddable":true,"href":"https:\/\/archive.sana.sy\/es\/index.php?rest_route=%2Fwp%2Fv2%2Fcategories&post=310712"},{"taxonomy":"post_tag","embeddable":true,"href":"https:\/\/archive.sana.sy\/es\/index.php?rest_route=%2Fwp%2Fv2%2Ftags&post=310712"}],"curies":[{"name":"wp","href":"https:\/\/api.w.org\/{rel}","templated":true}]}}