{"id":310718,"date":"2023-10-09T08:14:49","date_gmt":"2023-10-09T05:14:49","guid":{"rendered":"http:\/\/sana.sy\/es\/?p=310718"},"modified":"2023-10-09T11:39:46","modified_gmt":"2023-10-09T08:39:46","slug":"mas-bombas-israelies-contra-dos-millones-de-palestinos-que-viven-en-la-franja-de-gaz","status":"publish","type":"post","link":"https:\/\/archive.sana.sy\/es\/?p=310718","title":{"rendered":"M\u00e1s bombas israel\u00edes contra dos millones de palestinos que viven en la Franja de Gaz"},"content":{"rendered":"<blockquote>\n<p style=\"text-align: justify;\"><span style=\"color: #993300;\">El Ministerio de Dotaciones y Asuntos Religiosos denunci\u00f3 el bombardeo israel\u00ed contras dos mezquitas, ubicadas en el oeste y el sur de la Franja, lo cual, constitituye una violaci\u00f3n de las normas internacionales.<\/span><\/p>\n<\/blockquote>\n<p style=\"text-align: justify;\"><span style=\"color: #800000;\"><strong>Jerusal\u00e9n, 9 oct (SANA)<\/strong><\/span> El ej\u00e9rcito israel\u00ed intensific\u00f3 sus ataques a\u00e9reos brutales contra zonas residenciales en la Franja de Gaza, donde viven m\u00e1s de dos millones de palestinos.<\/p>\n<p style=\"text-align: justify;\">Decenas de aviones de combate lanzaron sus misiles y la Media Luna Roja Palestina acus\u00f3 a Israel de atacar al menos 34 objetivos civiles all\u00ed.<\/p>\n<p style=\"text-align: justify;\">Por su parte, el vocero de la Agencia de Obras P\u00fablicas y Socorro de las Naciones Unidas para los Refugiados de Palestina, Adnan Abu Hasna, anunci\u00f3 que m\u00e1s de 20 mil 300 personas abandonaron sus hogares en el enclave costero y se refugiaron en instalaciones del organismo en las \u00faltimas 24 horas.<\/p>\n<p style=\"text-align: justify;\">A su vez, el Ministerio de Dotaciones y Asuntos Religiosos denunci\u00f3 el bombardeo israel\u00ed contras dos mezquitas, ubicadas en el oeste y el sur de la Franja, lo cual, constitituye una violaci\u00f3n de las normas internacionales.<\/p>\n<p style=\"text-align: justify;\">Las autoridades de salud en Gaza informaron que 370 personas murieron y m\u00e1s de mil 788 resultaron heridas por los bombardeos.<\/p>\n<p style=\"text-align: justify;\">fm\/lo<\/p>\n","protected":false},"excerpt":{"rendered":"<p>El Ministerio de Dotaciones y Asuntos Religiosos denunci\u00f3 el bombardeo israel\u00ed contras dos mezquitas, ubicadas en el oeste y el sur de la Franja, lo cual, constitituye una violaci\u00f3n de las normas internacionales. Jerusal\u00e9n, 9 oct (SANA) El ej\u00e9rcito israel\u00ed intensific\u00f3 sus ataques a\u00e9reos brutales contra zonas residenciales en la Franja de Gaza, donde viven &hellip;<\/p>\n","protected":false},"author":35,"featured_media":310720,"comment_status":"closed","ping_status":"closed","sticky":false,"template":"","format":"standard","meta":{"footnotes":""},"categories":[597,456,16687,583],"tags":[],"class_list":["post-310718","post","type-post","status-publish","format-standard","has-post-thumbnail","","category-cinta-de-noticias","category-arabe-internacional-politica","category-internacionales","category-slide"],"_links":{"self":[{"href":"https:\/\/archive.sana.sy\/es\/index.php?rest_route=\/wp\/v2\/posts\/310718"}],"collection":[{"href":"https:\/\/archive.sana.sy\/es\/index.php?rest_route=\/wp\/v2\/posts"}],"about":[{"href":"https:\/\/archive.sana.sy\/es\/index.php?rest_route=\/wp\/v2\/types\/post"}],"author":[{"embeddable":true,"href":"https:\/\/archive.sana.sy\/es\/index.php?rest_route=\/wp\/v2\/users\/35"}],"replies":[{"embeddable":true,"href":"https:\/\/archive.sana.sy\/es\/index.php?rest_route=%2Fwp%2Fv2%2Fcomments&post=310718"}],"version-history":[{"count":2,"href":"https:\/\/archive.sana.sy\/es\/index.php?rest_route=\/wp\/v2\/posts\/310718\/revisions"}],"predecessor-version":[{"id":310729,"href":"https:\/\/archive.sana.sy\/es\/index.php?rest_route=\/wp\/v2\/posts\/310718\/revisions\/310729"}],"wp:featuredmedia":[{"embeddable":true,"href":"https:\/\/archive.sana.sy\/es\/index.php?rest_route=\/wp\/v2\/media\/310720"}],"wp:attachment":[{"href":"https:\/\/archive.sana.sy\/es\/index.php?rest_route=%2Fwp%2Fv2%2Fmedia&parent=310718"}],"wp:term":[{"taxonomy":"category","embeddable":true,"href":"https:\/\/archive.sana.sy\/es\/index.php?rest_route=%2Fwp%2Fv2%2Fcategories&post=310718"},{"taxonomy":"post_tag","embeddable":true,"href":"https:\/\/archive.sana.sy\/es\/index.php?rest_route=%2Fwp%2Fv2%2Ftags&post=310718"}],"curies":[{"name":"wp","href":"https:\/\/api.w.org\/{rel}","templated":true}]}}