{"id":310730,"date":"2023-10-09T08:59:39","date_gmt":"2023-10-09T05:59:39","guid":{"rendered":"http:\/\/sana.sy\/es\/?p=310730"},"modified":"2023-10-09T10:03:37","modified_gmt":"2023-10-09T07:03:37","slug":"israel-asesina-a-436-palestinos-entre-ellos-91-ninos-y-61-mujeres-en-gaza","status":"publish","type":"post","link":"https:\/\/archive.sana.sy\/es\/?p=310730","title":{"rendered":"&#8220;Israel&#8221; asesina a 450 palestinos, entre ellos 91 ni\u00f1os y 61 mujeres, en Gaza"},"content":{"rendered":"<p style=\"text-align: justify;\"><span style=\"color: #800000;\"><strong>Jerusal\u00e9n ocupada, 9 oct (SANA)<\/strong><\/span> El Ministerio de Salud palestino confirm\u00f3 hoy la muerte de 450 palestinos como consecuencia de la continua agresi\u00f3n israel\u00ed contra la Franja de Gaza.<\/p>\n<p style=\"text-align: justify;\">El ente aclar\u00f3 que entre las v\u00edctimas mortales hay 91 ni\u00f1os y 61 mujeres.<\/p>\n<p style=\"text-align: justify;\">Agreg\u00f3 que otros 2.400 palestinos resultaron heridos, entre ellos 244 ni\u00f1os y 151 mujeres.<\/p>\n<p>&#8220;Israel&#8221; lanza por tercer d\u00eda consecutivo brutales bombardeos contra zonas residenciales en Gaza, en respuesta a la operaci\u00f3n Diluvio de Al-Aqsa, lanzada por la resistencia palestina.<\/p>\n<p style=\"text-align: justify;\">fm\/lo<\/p>\n","protected":false},"excerpt":{"rendered":"<p>Jerusal\u00e9n ocupada, 9 oct (SANA) El Ministerio de Salud palestino confirm\u00f3 hoy la muerte de 450 palestinos como consecuencia de la continua agresi\u00f3n israel\u00ed contra la Franja de Gaza. El ente aclar\u00f3 que entre las v\u00edctimas mortales hay 91 ni\u00f1os y 61 mujeres. Agreg\u00f3 que otros 2.400 palestinos resultaron heridos, entre ellos 244 ni\u00f1os y &hellip;<\/p>\n","protected":false},"author":35,"featured_media":310737,"comment_status":"closed","ping_status":"closed","sticky":false,"template":"","format":"standard","meta":{"footnotes":""},"categories":[597,456,16687,583,7541],"tags":[],"class_list":["post-310730","post","type-post","status-publish","format-standard","has-post-thumbnail","","category-cinta-de-noticias","category-arabe-internacional-politica","category-internacionales","category-slide","category-ultimas-noticias"],"_links":{"self":[{"href":"https:\/\/archive.sana.sy\/es\/index.php?rest_route=\/wp\/v2\/posts\/310730"}],"collection":[{"href":"https:\/\/archive.sana.sy\/es\/index.php?rest_route=\/wp\/v2\/posts"}],"about":[{"href":"https:\/\/archive.sana.sy\/es\/index.php?rest_route=\/wp\/v2\/types\/post"}],"author":[{"embeddable":true,"href":"https:\/\/archive.sana.sy\/es\/index.php?rest_route=\/wp\/v2\/users\/35"}],"replies":[{"embeddable":true,"href":"https:\/\/archive.sana.sy\/es\/index.php?rest_route=%2Fwp%2Fv2%2Fcomments&post=310730"}],"version-history":[{"count":3,"href":"https:\/\/archive.sana.sy\/es\/index.php?rest_route=\/wp\/v2\/posts\/310730\/revisions"}],"predecessor-version":[{"id":310738,"href":"https:\/\/archive.sana.sy\/es\/index.php?rest_route=\/wp\/v2\/posts\/310730\/revisions\/310738"}],"wp:featuredmedia":[{"embeddable":true,"href":"https:\/\/archive.sana.sy\/es\/index.php?rest_route=\/wp\/v2\/media\/310737"}],"wp:attachment":[{"href":"https:\/\/archive.sana.sy\/es\/index.php?rest_route=%2Fwp%2Fv2%2Fmedia&parent=310730"}],"wp:term":[{"taxonomy":"category","embeddable":true,"href":"https:\/\/archive.sana.sy\/es\/index.php?rest_route=%2Fwp%2Fv2%2Fcategories&post=310730"},{"taxonomy":"post_tag","embeddable":true,"href":"https:\/\/archive.sana.sy\/es\/index.php?rest_route=%2Fwp%2Fv2%2Ftags&post=310730"}],"curies":[{"name":"wp","href":"https:\/\/api.w.org\/{rel}","templated":true}]}}