{"id":310765,"date":"2023-10-09T14:40:27","date_gmt":"2023-10-09T11:40:27","guid":{"rendered":"http:\/\/sana.sy\/es\/?p=310765"},"modified":"2023-10-09T15:49:15","modified_gmt":"2023-10-09T12:49:15","slug":"presidente-colombiano-condena-continua-agresion-de-israel-contra-franja-de-gaza","status":"publish","type":"post","link":"https:\/\/archive.sana.sy\/es\/?p=310765","title":{"rendered":"Presidente colombiano condena continua agresi\u00f3n de \u201cIsrael\u201d contra Franja de Gaza"},"content":{"rendered":"<blockquote>\n<p style=\"text-align: justify;\"><span style=\"color: #800000;\">Seg\u00fan afirma el mandatario, &#8220;la guerra y la continua agresi\u00f3n israel\u00ed no lograr\u00e1n la esperanza de paz y s\u00f3lo podr\u00e1n lograrse mediante una soluci\u00f3n que respete la legitimidad internacional y satisfaga las aspiraciones del pueblo palestino\u201d.<\/span><\/p>\n<\/blockquote>\n<p style=\"text-align: justify;\"><span style=\"color: #993300;\"><strong>Bogot\u00e1, 9 oct (SANA)<\/strong><\/span> El presidente de Colombia, Gustavo Petro, conden\u00f3 hoy la continua agresi\u00f3n de \u201cIsrael\u201d contra la Franja de Gaza, que caus\u00f3 cientos de m\u00e1rtires y herido, entre ellos un gran n\u00famero de ni\u00f1os.<\/p>\n<p style=\"text-align: justify;\">&#8220;Los ni\u00f1os israel\u00edes no podr\u00e1n dormir tranquilos a menos que sus compa\u00f1eros palestinos duerman en paz&#8221;, dijo Petro en su p\u00e1gina en X, donde public\u00f3 tambi\u00e9n fotos de los ni\u00f1os palestinos muertos como resultado de los ataques de ocupaci\u00f3n, y coment\u00f3: &#8220;Estas son im\u00e1genes de ni\u00f1os palestinos asesinados por la ocupaci\u00f3n ilegal de sus tierras.&#8221;<\/p>\n<p style=\"text-align: justify;\">Seg\u00fan afirma el mandatario, &#8220;la guerra y la continua agresi\u00f3n israel\u00ed no lograr\u00e1n la esperanza de paz y s\u00f3lo podr\u00e1n lograrse mediante una soluci\u00f3n que respete la legitimidad internacional y satisfaga las aspiraciones del pueblo palestino\u201d.<\/p>\n<p style=\"text-align: justify;\">El presidente de la naci\u00f3n sudamericana public\u00f3 im\u00e1genes de archivo del Nakba y un mapa que muestra el curso de la ocupaci\u00f3n de los territorios palestinos a lo largo de los a\u00f1os.<\/p>\n<p style=\"text-align: justify;\">lo\/fm<\/p>\n","protected":false},"excerpt":{"rendered":"<p>Seg\u00fan afirma el mandatario, &#8220;la guerra y la continua agresi\u00f3n israel\u00ed no lograr\u00e1n la esperanza de paz y s\u00f3lo podr\u00e1n lograrse mediante una soluci\u00f3n que respete la legitimidad internacional y satisfaga las aspiraciones del pueblo palestino\u201d. Bogot\u00e1, 9 oct (SANA) El presidente de Colombia, Gustavo Petro, conden\u00f3 hoy la continua agresi\u00f3n de \u201cIsrael\u201d contra la &hellip;<\/p>\n","protected":false},"author":32,"featured_media":310766,"comment_status":"closed","ping_status":"closed","sticky":false,"template":"","format":"standard","meta":{"footnotes":""},"categories":[597,456,16687,7541],"tags":[],"class_list":["post-310765","post","type-post","status-publish","format-standard","has-post-thumbnail","","category-cinta-de-noticias","category-arabe-internacional-politica","category-internacionales","category-ultimas-noticias"],"_links":{"self":[{"href":"https:\/\/archive.sana.sy\/es\/index.php?rest_route=\/wp\/v2\/posts\/310765"}],"collection":[{"href":"https:\/\/archive.sana.sy\/es\/index.php?rest_route=\/wp\/v2\/posts"}],"about":[{"href":"https:\/\/archive.sana.sy\/es\/index.php?rest_route=\/wp\/v2\/types\/post"}],"author":[{"embeddable":true,"href":"https:\/\/archive.sana.sy\/es\/index.php?rest_route=\/wp\/v2\/users\/32"}],"replies":[{"embeddable":true,"href":"https:\/\/archive.sana.sy\/es\/index.php?rest_route=%2Fwp%2Fv2%2Fcomments&post=310765"}],"version-history":[{"count":2,"href":"https:\/\/archive.sana.sy\/es\/index.php?rest_route=\/wp\/v2\/posts\/310765\/revisions"}],"predecessor-version":[{"id":310789,"href":"https:\/\/archive.sana.sy\/es\/index.php?rest_route=\/wp\/v2\/posts\/310765\/revisions\/310789"}],"wp:featuredmedia":[{"embeddable":true,"href":"https:\/\/archive.sana.sy\/es\/index.php?rest_route=\/wp\/v2\/media\/310766"}],"wp:attachment":[{"href":"https:\/\/archive.sana.sy\/es\/index.php?rest_route=%2Fwp%2Fv2%2Fmedia&parent=310765"}],"wp:term":[{"taxonomy":"category","embeddable":true,"href":"https:\/\/archive.sana.sy\/es\/index.php?rest_route=%2Fwp%2Fv2%2Fcategories&post=310765"},{"taxonomy":"post_tag","embeddable":true,"href":"https:\/\/archive.sana.sy\/es\/index.php?rest_route=%2Fwp%2Fv2%2Ftags&post=310765"}],"curies":[{"name":"wp","href":"https:\/\/api.w.org\/{rel}","templated":true}]}}