{"id":310769,"date":"2023-10-09T14:48:58","date_gmt":"2023-10-09T11:48:58","guid":{"rendered":"http:\/\/sana.sy\/es\/?p=310769"},"modified":"2023-10-09T15:48:40","modified_gmt":"2023-10-09T12:48:40","slug":"corea-del-norte-condena-ataque-terrorista-con-drones-contra-academia-militar","status":"publish","type":"post","link":"https:\/\/archive.sana.sy\/es\/?p=310769","title":{"rendered":"Corea del Norte condena ataque terrorista con drones contra Academia Militar"},"content":{"rendered":"<blockquote>\n<p style=\"text-align: justify;\"><span style=\"color: #800000;\">&#8220;Esta acci\u00f3n fue motivada por malas intenciones de las fuerzas hostiles dentro y fuera de Siria, que se empe\u00f1an a generar caos en el pa\u00eds y poner obst\u00e1culos ante los esfuerzos del Gobierno sirio encaminados a resolver la crisis y empezar la reconstrucci\u00f3n&#8221;, dijo un portavoz del Ministerio de Relaciones Exteriores de RPDC.<br \/>\n<\/span><\/p>\n<\/blockquote>\n<p style=\"text-align: justify;\"><span style=\"color: #800000;\"><strong>Pyongyang, 9 oct (SANA)<\/strong><\/span> La Rep\u00fablica Popular Democr\u00e1tica de Corea (RPDC) conden\u00f3 el ataque terrorista ocurrido el pasado jueves contra la ceremonia de graduaci\u00f3n de cadetes de la academia militar en la provincia central de Homs.<\/p>\n<p style=\"text-align: justify;\">&#8220;Repudiamos este atentado que viola el deseo del pueblo sirio en la soberan\u00eda nacional y la vida pac\u00edfica, y expresamos nuestra solidaridad y condolencias a las familias de las v\u00edctimas&#8221;, afirm\u00f3 un portavoz del Ministerio de Relaciones Exteriores de RPDC.<\/p>\n<p style=\"text-align: justify;\">&#8220;Esta acci\u00f3n fue motivada por malas intenciones de las fuerzas hostiles dentro y fuera de Siria, que se empe\u00f1an a generar caos en el pa\u00eds y poner obst\u00e1culos ante los esfuerzos del Gobierno sirio encaminados a resolver la crisis y empezar la reconstrucci\u00f3n&#8221;, agreg\u00f3 el vocero.<\/p>\n<p style=\"text-align: justify;\">El funcionario norcoreano ratific\u00f3 la firme posici\u00f3n de su pa\u00eds contra todo tipo de terrorismo y su solidaridad con el pueblo sirio ante estos actos hostiles.<\/p>\n<p style=\"text-align: justify;\">lo\/fm<\/p>\n","protected":false},"excerpt":{"rendered":"<p>&#8220;Esta acci\u00f3n fue motivada por malas intenciones de las fuerzas hostiles dentro y fuera de Siria, que se empe\u00f1an a generar caos en el pa\u00eds y poner obst\u00e1culos ante los esfuerzos del Gobierno sirio encaminados a resolver la crisis y empezar la reconstrucci\u00f3n&#8221;, dijo un portavoz del Ministerio de Relaciones Exteriores de RPDC. Pyongyang, 9 &hellip;<\/p>\n","protected":false},"author":32,"featured_media":310770,"comment_status":"closed","ping_status":"closed","sticky":false,"template":"","format":"standard","meta":{"footnotes":""},"categories":[597,456,16687,7541],"tags":[],"class_list":["post-310769","post","type-post","status-publish","format-standard","has-post-thumbnail","","category-cinta-de-noticias","category-arabe-internacional-politica","category-internacionales","category-ultimas-noticias"],"_links":{"self":[{"href":"https:\/\/archive.sana.sy\/es\/index.php?rest_route=\/wp\/v2\/posts\/310769"}],"collection":[{"href":"https:\/\/archive.sana.sy\/es\/index.php?rest_route=\/wp\/v2\/posts"}],"about":[{"href":"https:\/\/archive.sana.sy\/es\/index.php?rest_route=\/wp\/v2\/types\/post"}],"author":[{"embeddable":true,"href":"https:\/\/archive.sana.sy\/es\/index.php?rest_route=\/wp\/v2\/users\/32"}],"replies":[{"embeddable":true,"href":"https:\/\/archive.sana.sy\/es\/index.php?rest_route=%2Fwp%2Fv2%2Fcomments&post=310769"}],"version-history":[{"count":2,"href":"https:\/\/archive.sana.sy\/es\/index.php?rest_route=\/wp\/v2\/posts\/310769\/revisions"}],"predecessor-version":[{"id":310788,"href":"https:\/\/archive.sana.sy\/es\/index.php?rest_route=\/wp\/v2\/posts\/310769\/revisions\/310788"}],"wp:featuredmedia":[{"embeddable":true,"href":"https:\/\/archive.sana.sy\/es\/index.php?rest_route=\/wp\/v2\/media\/310770"}],"wp:attachment":[{"href":"https:\/\/archive.sana.sy\/es\/index.php?rest_route=%2Fwp%2Fv2%2Fmedia&parent=310769"}],"wp:term":[{"taxonomy":"category","embeddable":true,"href":"https:\/\/archive.sana.sy\/es\/index.php?rest_route=%2Fwp%2Fv2%2Fcategories&post=310769"},{"taxonomy":"post_tag","embeddable":true,"href":"https:\/\/archive.sana.sy\/es\/index.php?rest_route=%2Fwp%2Fv2%2Ftags&post=310769"}],"curies":[{"name":"wp","href":"https:\/\/api.w.org\/{rel}","templated":true}]}}