{"id":31077,"date":"2015-10-05T15:01:20","date_gmt":"2015-10-05T12:01:20","guid":{"rendered":"http:\/\/sana.sy\/es\/?p=31077"},"modified":"2015-10-05T15:01:20","modified_gmt":"2015-10-05T12:01:20","slug":"lavrov-estamos-expuestos-a-falsos-ataque-mediaticos","status":"publish","type":"post","link":"https:\/\/archive.sana.sy\/es\/?p=31077","title":{"rendered":"Lavrov: estamos expuestos a falsos\u00a0 ataque medi\u00e1ticos"},"content":{"rendered":"<p><span style=\"color: #800000\">Mosc\u00fa, SANA<\/span><\/p>\n<p>El ministro de Exteriores ruso Sergei Lavrov afirm\u00f3 que los\u00a0 contactos con Washington contin\u00faan y este no se opuso a nuestras incursiones\u00a0 contra los terroristas<\/p>\n<p>A\u00f1adiendo que la\u00a0 coalici\u00f3n occidental realiz\u00f3 incursiones durante una a\u00f1o sin ning\u00fan beneficio.<\/p>\n<p>As\u00ed como a\u00f1adi\u00f3 que\u00a0 \u201cestamos expuestos a falsos\u00a0 ataques medi\u00e1ticos y no hemos matado a los civiles\u201d.<\/p>\n<p><span style=\"color: #00ccff\">Hala B., Riad Sh.<\/span><\/p>\n","protected":false},"excerpt":{"rendered":"<p>Mosc\u00fa, SANA El ministro de Exteriores ruso Sergei Lavrov afirm\u00f3 que los\u00a0 contactos con Washington contin\u00faan y este no se opuso a nuestras incursiones\u00a0 contra los terroristas A\u00f1adiendo que la\u00a0 coalici\u00f3n occidental realiz\u00f3 incursiones durante una a\u00f1o sin ning\u00fan beneficio. As\u00ed como a\u00f1adi\u00f3 que\u00a0 \u201cestamos expuestos a falsos\u00a0 ataques medi\u00e1ticos y no hemos matado a &hellip;<\/p>\n","protected":false},"author":1,"featured_media":31078,"comment_status":"closed","ping_status":"closed","sticky":false,"template":"","format":"standard","meta":{"footnotes":""},"categories":[456,457,576],"tags":[6910],"class_list":["post-31077","post","type-post","status-publish","format-standard","has-post-thumbnail","","category-arabe-internacional-politica","category-noticias-arabe-internacional-politica","category-noticias-politicas","tag-lavrov-estamos-expuestos-a-falsos-ataque-mediaticos"],"_links":{"self":[{"href":"https:\/\/archive.sana.sy\/es\/index.php?rest_route=\/wp\/v2\/posts\/31077"}],"collection":[{"href":"https:\/\/archive.sana.sy\/es\/index.php?rest_route=\/wp\/v2\/posts"}],"about":[{"href":"https:\/\/archive.sana.sy\/es\/index.php?rest_route=\/wp\/v2\/types\/post"}],"author":[{"embeddable":true,"href":"https:\/\/archive.sana.sy\/es\/index.php?rest_route=\/wp\/v2\/users\/1"}],"replies":[{"embeddable":true,"href":"https:\/\/archive.sana.sy\/es\/index.php?rest_route=%2Fwp%2Fv2%2Fcomments&post=31077"}],"version-history":[{"count":0,"href":"https:\/\/archive.sana.sy\/es\/index.php?rest_route=\/wp\/v2\/posts\/31077\/revisions"}],"wp:featuredmedia":[{"embeddable":true,"href":"https:\/\/archive.sana.sy\/es\/index.php?rest_route=\/wp\/v2\/media\/31078"}],"wp:attachment":[{"href":"https:\/\/archive.sana.sy\/es\/index.php?rest_route=%2Fwp%2Fv2%2Fmedia&parent=31077"}],"wp:term":[{"taxonomy":"category","embeddable":true,"href":"https:\/\/archive.sana.sy\/es\/index.php?rest_route=%2Fwp%2Fv2%2Fcategories&post=31077"},{"taxonomy":"post_tag","embeddable":true,"href":"https:\/\/archive.sana.sy\/es\/index.php?rest_route=%2Fwp%2Fv2%2Ftags&post=31077"}],"curies":[{"name":"wp","href":"https:\/\/api.w.org\/{rel}","templated":true}]}}