{"id":31080,"date":"2015-10-05T15:34:14","date_gmt":"2015-10-05T12:34:14","guid":{"rendered":"http:\/\/sana.sy\/es\/?p=31080"},"modified":"2015-10-05T15:34:14","modified_gmt":"2015-10-05T12:34:14","slug":"direccion-regional-del-partido-baaz-la-hora-de-la-victoria-esta-mas-cerca-que-nunca","status":"publish","type":"post","link":"https:\/\/archive.sana.sy\/es\/?p=31080","title":{"rendered":"Direcci\u00f3n Regional del partido Baaz: la hora de la victoria esta m\u00e1s cerca que nunca"},"content":{"rendered":"<p>Damasco, SANA<\/p>\n<p>La Direcci\u00f3n Regional del partido Baaz \u00c1rabe Socialista afirm\u00f3 que \u201cla memoria de la Guerra de Liberaci\u00f3n de Octubre no es una mera historia pasada sino un estado de inspiraci\u00f3n para los hijos del pueblo, ej\u00e9rcito y dirigencia guiados por el presidente Bashar al-Assad destacando que la hora de la victoria esta \u201cm\u00e1s cerca que nunca\u201d.<\/p>\n<p>&nbsp;<\/p>\n<p>As\u00ed en un comunicado con ocasi\u00f3n del 42\u00ba aniversario de la gesta de Octubre, la direcci\u00f3n agreg\u00f3 que el enemigo sionista que prob\u00f3 el sabor de la derrota a manos de los h\u00e9roes de las fuerzas armadas en Siria y Egipto puso entre sus c\u00e1lculos\u00a0 estrat\u00e9gicos el objetivo de debilitar y sacar fuera de ecuaci\u00f3n a los ej\u00e9rcitos sirio y egipcio, as\u00ed como torpedear cualquier intento de unificar las filas \u00e1rabes en lo pol\u00edtico y militar. A\u00f1\u00e1dale que el sionismo trabaj\u00f3 vertiginosamente por fragmentar las fuerzas \u00e1rabes principalmente aquellas que impiden su expansi\u00f3n ali\u00e1ndose para ello con potencias internacionales e instrumentos regionales.<\/p>\n<p>&nbsp;<\/p>\n<p>La Direcci\u00f3n del partido opin\u00f3 que lo vivido por Siria durante los \u00faltimos cinco a\u00f1os va en marco de una estrategia sionista occidental ejecutada por herramientas locales y regionales con el objetivo de derrocar al Estado sirio y a su ej\u00e9rcito que se opone al proyecto sionista.<\/p>\n<p><span style=\"color: #00ccff\">Riad Sh., Hala B.<\/span><\/p>\n<p>&nbsp;<\/p>\n","protected":false},"excerpt":{"rendered":"<p>Damasco, SANA La Direcci\u00f3n Regional del partido Baaz \u00c1rabe Socialista afirm\u00f3 que \u201cla memoria de la Guerra de Liberaci\u00f3n de Octubre no es una mera historia pasada sino un estado de inspiraci\u00f3n para los hijos del pueblo, ej\u00e9rcito y dirigencia guiados por el presidente Bashar al-Assad destacando que la hora de la victoria esta \u201cm\u00e1s &hellip;<\/p>\n","protected":false},"author":1,"featured_media":31081,"comment_status":"closed","ping_status":"closed","sticky":false,"template":"","format":"standard","meta":{"footnotes":""},"categories":[597,457,576],"tags":[6911],"class_list":["post-31080","post","type-post","status-publish","format-standard","has-post-thumbnail","","category-cinta-de-noticias","category-noticias-arabe-internacional-politica","category-noticias-politicas","tag-direccion-regional-del-partido-baaz-la-hora-de-la-victoria-esta-mas-cerca-que-nunca"],"_links":{"self":[{"href":"https:\/\/archive.sana.sy\/es\/index.php?rest_route=\/wp\/v2\/posts\/31080"}],"collection":[{"href":"https:\/\/archive.sana.sy\/es\/index.php?rest_route=\/wp\/v2\/posts"}],"about":[{"href":"https:\/\/archive.sana.sy\/es\/index.php?rest_route=\/wp\/v2\/types\/post"}],"author":[{"embeddable":true,"href":"https:\/\/archive.sana.sy\/es\/index.php?rest_route=\/wp\/v2\/users\/1"}],"replies":[{"embeddable":true,"href":"https:\/\/archive.sana.sy\/es\/index.php?rest_route=%2Fwp%2Fv2%2Fcomments&post=31080"}],"version-history":[{"count":0,"href":"https:\/\/archive.sana.sy\/es\/index.php?rest_route=\/wp\/v2\/posts\/31080\/revisions"}],"wp:featuredmedia":[{"embeddable":true,"href":"https:\/\/archive.sana.sy\/es\/index.php?rest_route=\/wp\/v2\/media\/31081"}],"wp:attachment":[{"href":"https:\/\/archive.sana.sy\/es\/index.php?rest_route=%2Fwp%2Fv2%2Fmedia&parent=31080"}],"wp:term":[{"taxonomy":"category","embeddable":true,"href":"https:\/\/archive.sana.sy\/es\/index.php?rest_route=%2Fwp%2Fv2%2Fcategories&post=31080"},{"taxonomy":"post_tag","embeddable":true,"href":"https:\/\/archive.sana.sy\/es\/index.php?rest_route=%2Fwp%2Fv2%2Ftags&post=31080"}],"curies":[{"name":"wp","href":"https:\/\/api.w.org\/{rel}","templated":true}]}}