{"id":31084,"date":"2015-10-05T16:32:06","date_gmt":"2015-10-05T13:32:06","guid":{"rendered":"http:\/\/sana.sy\/es\/?p=31084"},"modified":"2015-10-05T16:32:06","modified_gmt":"2015-10-05T13:32:06","slug":"peskov-el-objeto-del-proceso-militar-ruso-en-siria-es-apoyar-al-ejercito-sirio-en-su-guerra-contra-el-terrorismo","status":"publish","type":"post","link":"https:\/\/archive.sana.sy\/es\/?p=31084","title":{"rendered":"Peskov: el objeto del proceso militar ruso en Siria es apoyar al ej\u00e9rcito sirio en su guerra contra el terrorismo"},"content":{"rendered":"<p><span style=\"color: #800000\">Mosc\u00fa, SANA<\/span><\/p>\n<p>El portavoz en nombre de la presidencia rusa Dimitri Peskov anunci\u00f3 que el objeto de las incursiones \u00e1reas rusas contra sedes de los terroristas en Siria es apoyar al ej\u00e9rcito sirio en su lucha contra el terrorismo.<\/p>\n<p>Peskov en una declaraci\u00f3n a los peridotitas\u00a0 sobre las noticias de la entrada de los aviones rusos en el campo a\u00e9reo de Turqu\u00eda dijo que las autoridades rusas van a investigar la realidad de dichas informaciones y que nuestro embajador en Ankara fue llamado por el Ministerio de Exteriores turco donde le dieron un memorando que ofrece algunos hechos que deben ser validados.<\/p>\n<p><span style=\"color: #00ccff\">Hala B., Riad Sh.<\/span><\/p>\n","protected":false},"excerpt":{"rendered":"<p>Mosc\u00fa, SANA El portavoz en nombre de la presidencia rusa Dimitri Peskov anunci\u00f3 que el objeto de las incursiones \u00e1reas rusas contra sedes de los terroristas en Siria es apoyar al ej\u00e9rcito sirio en su lucha contra el terrorismo. Peskov en una declaraci\u00f3n a los peridotitas\u00a0 sobre las noticias de la entrada de los aviones &hellip;<\/p>\n","protected":false},"author":1,"featured_media":31085,"comment_status":"closed","ping_status":"closed","sticky":false,"template":"","format":"standard","meta":{"footnotes":""},"categories":[597,456,457],"tags":[6912],"class_list":["post-31084","post","type-post","status-publish","format-standard","has-post-thumbnail","","category-cinta-de-noticias","category-arabe-internacional-politica","category-noticias-arabe-internacional-politica","tag-peskov-el-objeto-del-proceso-militar-ruso-en-siria-es-apoyar-al-ejercito-sirio-en-su-guerra-contra-el-terrorismo"],"_links":{"self":[{"href":"https:\/\/archive.sana.sy\/es\/index.php?rest_route=\/wp\/v2\/posts\/31084"}],"collection":[{"href":"https:\/\/archive.sana.sy\/es\/index.php?rest_route=\/wp\/v2\/posts"}],"about":[{"href":"https:\/\/archive.sana.sy\/es\/index.php?rest_route=\/wp\/v2\/types\/post"}],"author":[{"embeddable":true,"href":"https:\/\/archive.sana.sy\/es\/index.php?rest_route=\/wp\/v2\/users\/1"}],"replies":[{"embeddable":true,"href":"https:\/\/archive.sana.sy\/es\/index.php?rest_route=%2Fwp%2Fv2%2Fcomments&post=31084"}],"version-history":[{"count":0,"href":"https:\/\/archive.sana.sy\/es\/index.php?rest_route=\/wp\/v2\/posts\/31084\/revisions"}],"wp:featuredmedia":[{"embeddable":true,"href":"https:\/\/archive.sana.sy\/es\/index.php?rest_route=\/wp\/v2\/media\/31085"}],"wp:attachment":[{"href":"https:\/\/archive.sana.sy\/es\/index.php?rest_route=%2Fwp%2Fv2%2Fmedia&parent=31084"}],"wp:term":[{"taxonomy":"category","embeddable":true,"href":"https:\/\/archive.sana.sy\/es\/index.php?rest_route=%2Fwp%2Fv2%2Fcategories&post=31084"},{"taxonomy":"post_tag","embeddable":true,"href":"https:\/\/archive.sana.sy\/es\/index.php?rest_route=%2Fwp%2Fv2%2Ftags&post=31084"}],"curies":[{"name":"wp","href":"https:\/\/api.w.org\/{rel}","templated":true}]}}