{"id":31089,"date":"2015-10-06T11:51:52","date_gmt":"2015-10-06T08:51:52","guid":{"rendered":"http:\/\/sana.sy\/es\/?p=31089"},"modified":"2015-10-07T12:51:06","modified_gmt":"2015-10-07T09:51:06","slug":"al-moallem-ataques-aereos-rusos-han-preparado-hace-meses-y-nadie-puede-vincular-la-hora-actual","status":"publish","type":"post","link":"https:\/\/archive.sana.sy\/es\/?p=31089","title":{"rendered":"Al-Moallem: ataques a\u00e9reos rusos han preparado hace meses y nadie puede vincular la hora actual"},"content":{"rendered":"<p><span style=\"color: #800000\">Nueva York, SANA<\/span><\/p>\n<p>El Viceprimer Ministro y Ministro de Exteriores y Expatriados, Walid al-Moallem, destac\u00f3 que los ataques a\u00e9reos rusos en Siria han sido preparados desde hace meses, se\u00f1alando que Rusia est\u00e1 coordinando con el Ej\u00e9rcito \u00c1rabe Sirio es la \u00fanica fuerza que est\u00e1 enfrentando al terrorismo.<\/p>\n<p>En una entrevista con el canal \u201cal-Mayadeen\u201d, el canciller sirio dijo que Mosc\u00fa ha trabajado duro y seriamente para establecer mi centro de informaci\u00f3n en Bagdad, con la participaci\u00f3n de Siria, Irak, Rusia e Ir\u00e1n, y se\u00f1al\u00f3 que este centro ser\u00e1 de suma importancia en el intercambio de informaci\u00f3n.<\/p>\n<p><span style=\"color: #0000ff\">Rusia est\u00e1 coordinando con el Ej\u00e9rcito \u00c1rabe Sirio que es la \u00fanica fuerza en Siria que enfrenta al terrorismo<\/span><\/p>\n<p>El jefe de la diplomacia siria precis\u00f3: \u201cno tengo la menor duda de que Rusia va a ganar en esta guerra, y la raz\u00f3n es simple y pr\u00e1ctica y es porque Rusia est\u00e1 coordinando con el Ej\u00e9rcito \u00c1rabe Sirio que es la \u00fanica fuerza en Siria que est\u00e1 enfrentando al terrorismo.&#8221;<\/p>\n<p>\u201cCuando tiene una acci\u00f3n militar coordinada por tierra y aire, las operaciones ser\u00e1n fruct\u00edferas, pero Estados Unidos no coordina con nosotros y lanz\u00f3 m\u00e1s de 9000 ataques a\u00e9reos contra el EI sin ning\u00fan resultado, incluso despu\u00e9s de m\u00e1s de un a\u00f1o, el EI ahora est\u00e1 m\u00e1s poderoso\u201d, indic\u00f3 al-Moallem.<\/p>\n<p><span style=\"color: #0000ff\">Ataques de Estados Unidos s\u00f3lo llevaron al crecimiento del EI<\/span><\/p>\n<p>En la entrevista, el ministro de Exteriores y Expatriados revel\u00f3 que &#8220;nosotros, al igual que muchos pa\u00edses en el mundo, estamos perdiendo poco a poco la confianza en la efectividad del Consejo de Seguridad y apostamos a nuestro entendimiento con la Federaci\u00f3n rusa y consideramos que nuestra petici\u00f3n y la respuesta de Rusia cumple con todos los requisitos legales&#8221;, se\u00f1alando que \u201cEstados Unidos y la alianza que encabeza no han hecho esto sino que violaron la soberan\u00eda siria y la Carta de las Naciones Unidas, y adem\u00e1s sus ataques s\u00f3lo han servido para el crecimiento del Estado Isl\u00e1mico\u201d.<\/p>\n<p>El canciller sirio explic\u00f3 que la resoluci\u00f3n del Consejo de Seguridad no habla solamente del Estado Isl\u00e1mico como una organizaci\u00f3n terrorista, sino que habla del Frente al-Nousra y de todas las organizaciones terroristas vinculados a al-Qaeda como el \u201cMovimiento de Libres del Levante\u201d.<\/p>\n<p>Asimismo, dijo que los pa\u00edses preocupados por los ataques a\u00e9reos rusos contra el terrorismo son los mismos pa\u00edses que conspiraron contra el pueblo sirio hace cinco a\u00f1os, y son: Estados Unidos, Gran Breta\u00f1a, Francia, Turqu\u00eda, Arabia Saudita, Qatar y estos pa\u00edses muy conocidos.<\/p>\n<p><span style=\"color: #0000ff\">Israel es el beneficiario principal de la llamada &#8220;Primavera \u00c1rabe&#8221;<\/span><\/p>\n<p>Por otro lado, al-Moallem reafirm\u00f3 que la entidad israel\u00ed es el beneficiario principal y \u00fanico de la llamada &#8220;Primavera \u00c1rabe&#8221; porque apunta a debilitar los ej\u00e9rcitos principales en la regi\u00f3n como el sirio y el egipcio, y convertir a Israel en la potencia dominante militar, pol\u00edtica y econ\u00f3mica en la regi\u00f3n.<\/p>\n<p><span style=\"color: #0000ff\">Turqu\u00eda no quiere luchar contra el EI<\/span><\/p>\n<p>El canciller sirio reafirm\u00f3 que Turqu\u00eda no quiere luchar contra la organizaci\u00f3n terrorista del EI por razones ideol\u00f3gicas, y quer\u00eda que Siria aceptara la participaci\u00f3n de los &#8220;Hermanos Musulmanes&#8221; en el poder, y cuando el gobierno sirio rechaz\u00f3 esto comenz\u00f3 a librar una guerra contra Damasco.<\/p>\n<p>Asimismo, denunci\u00f3 que Turqu\u00eda apoya al &#8220;Frente al-Nousra&#8221; con dinero, armas y entrenamiento, y procedi\u00f3 a la formaci\u00f3n del denominado &#8220;Ej\u00e9rcito de Conquista&#8221; en el norte de Siria para superar el problema de la inclusi\u00f3n de este Frente en la lista de terrorismo.<br \/>\nFady M., Lynn A.<\/p>\n","protected":false},"excerpt":{"rendered":"<p>Nueva York, SANA El Viceprimer Ministro y Ministro de Exteriores y Expatriados, Walid al-Moallem, destac\u00f3 que los ataques a\u00e9reos rusos en Siria han sido preparados desde hace meses, se\u00f1alando que Rusia est\u00e1 coordinando con el Ej\u00e9rcito \u00c1rabe Sirio es la \u00fanica fuerza que est\u00e1 enfrentando al terrorismo. En una entrevista con el canal \u201cal-Mayadeen\u201d, el &hellip;<\/p>\n","protected":false},"author":24,"featured_media":30910,"comment_status":"closed","ping_status":"closed","sticky":false,"template":"","format":"standard","meta":{"footnotes":""},"categories":[456,457,576],"tags":[6913],"class_list":["post-31089","post","type-post","status-publish","format-standard","has-post-thumbnail","","category-arabe-internacional-politica","category-noticias-arabe-internacional-politica","category-noticias-politicas","tag-al-moallem-ataques-aereos-rusos-han-preparado-hace-meses-y-nadie-puede-vincular-la-hora-actual"],"_links":{"self":[{"href":"https:\/\/archive.sana.sy\/es\/index.php?rest_route=\/wp\/v2\/posts\/31089"}],"collection":[{"href":"https:\/\/archive.sana.sy\/es\/index.php?rest_route=\/wp\/v2\/posts"}],"about":[{"href":"https:\/\/archive.sana.sy\/es\/index.php?rest_route=\/wp\/v2\/types\/post"}],"author":[{"embeddable":true,"href":"https:\/\/archive.sana.sy\/es\/index.php?rest_route=\/wp\/v2\/users\/24"}],"replies":[{"embeddable":true,"href":"https:\/\/archive.sana.sy\/es\/index.php?rest_route=%2Fwp%2Fv2%2Fcomments&post=31089"}],"version-history":[{"count":0,"href":"https:\/\/archive.sana.sy\/es\/index.php?rest_route=\/wp\/v2\/posts\/31089\/revisions"}],"wp:featuredmedia":[{"embeddable":true,"href":"https:\/\/archive.sana.sy\/es\/index.php?rest_route=\/wp\/v2\/media\/30910"}],"wp:attachment":[{"href":"https:\/\/archive.sana.sy\/es\/index.php?rest_route=%2Fwp%2Fv2%2Fmedia&parent=31089"}],"wp:term":[{"taxonomy":"category","embeddable":true,"href":"https:\/\/archive.sana.sy\/es\/index.php?rest_route=%2Fwp%2Fv2%2Fcategories&post=31089"},{"taxonomy":"post_tag","embeddable":true,"href":"https:\/\/archive.sana.sy\/es\/index.php?rest_route=%2Fwp%2Fv2%2Ftags&post=31089"}],"curies":[{"name":"wp","href":"https:\/\/api.w.org\/{rel}","templated":true}]}}